{"id":13095,"date":"2020-07-02T12:48:36","date_gmt":"2020-07-02T12:48:36","guid":{"rendered":"https:\/\/www.radiopresidenteibanez.cl\/web\/?p=13095"},"modified":"2020-07-02T12:48:40","modified_gmt":"2020-07-02T12:48:40","slug":"cpc-magallanes-expresa-preocupacion-del-sector-productivo-por-escasez-de-gas-natural","status":"publish","type":"post","link":"https:\/\/www.radiopresidenteibanez.cl\/web\/cpc-magallanes-expresa-preocupacion-del-sector-productivo-por-escasez-de-gas-natural\/","title":{"rendered":"CPC MAGALLANES EXPRESA PREOCUPACI\u00d3N DEL SECTOR PRODUCTIVO POR ESCASEZ DE GAS NATURAL"},"content":{"rendered":"\n<p>Frente a la interrupci\u00f3n de suministro de gas natural que padecieron m\u00e1s de cien hogares de Puerto Natales y varias empresas regionales, la multigremial CPC Magallanes expres\u00f3 su preocupaci\u00f3n por la evidente escasez de este combustible y la falta de acciones concretas por parte de las autoridades para contar con una alternativa energ\u00e9tica.<\/p>\n\n\n\n<p>As\u00ed lo expres\u00f3 el presidente del gremio, Alejandro Kusanovic, quien reiter\u00f3 su preocupaci\u00f3n frente al agotamiento de las reservas de gas natural en Magallanes, situaci\u00f3n que es conocida hace varios a\u00f1os y que, hasta el momento, no cuenta con una soluci\u00f3n.<\/p>\n\n\n\n<p>\u201cJusto cuando vamos a necesitar energ\u00eda barata y continua para reactivar la econom\u00eda despu\u00e9s de la pandemia del coronavirus, los hechos dejan al descubierto en la regi\u00f3n no existen suficientes reservas para que en invierno reciban gas natural los hogares y las industrias al mismo tiempo, cosa que hemos alertado en diversas ocasiones\u201d, record\u00f3 Kusanovic.<\/p>\n\n\n\n<p>El l\u00edder empresarial hizo un llamado a las autoridades regionales y nacionales a tomar acciones concretas para, por ejemplo, reconvertir la matriz energ\u00e9tica local hacia la energ\u00eda t\u00e9rmica a base de carb\u00f3n de muy bajo costo. \u201cTenemos abundantes reservas de carb\u00f3n y no las usamos, justo cuando se nos acaba el gas. Es una verdadera irresponsabilidad no hacer nada al respecto\u201d, indic\u00f3.<\/p>\n","protected":false},"excerpt":{"rendered":"<p>Frente a la interrupci\u00f3n de suministro de gas natural que padecieron m\u00e1s de cien hogares de Puerto Natales y varias empresas regionales, la multigremial CPC Magallanes expres\u00f3 su preocupaci\u00f3n por&#8230; <a class=\"read-more\" href=\"https:\/\/www.radiopresidenteibanez.cl\/web\/cpc-magallanes-expresa-preocupacion-del-sector-productivo-por-escasez-de-gas-natural\/\">Leer m\u00e1s<\/a><\/p>\n","protected":false},"author":2,"featured_media":7254,"comment_status":"closed","ping_status":"closed","sticky":false,"template":"","format":"standard","meta":{"footnotes":""},"categories":[1],"tags":[],"class_list":["post-13095","post","type-post","status-publish","format-standard","has-post-thumbnail","hentry","category-cronica"],"_links":{"self":[{"href":"https:\/\/www.radiopresidenteibanez.cl\/web\/wp-json\/wp\/v2\/posts\/13095","targetHints":{"allow":["GET"]}}],"collection":[{"href":"https:\/\/www.radiopresidenteibanez.cl\/web\/wp-json\/wp\/v2\/posts"}],"about":[{"href":"https:\/\/www.radiopresidenteibanez.cl\/web\/wp-json\/wp\/v2\/types\/post"}],"author":[{"embeddable":true,"href":"https:\/\/www.radiopresidenteibanez.cl\/web\/wp-json\/wp\/v2\/users\/2"}],"replies":[{"embeddable":true,"href":"https:\/\/www.radiopresidenteibanez.cl\/web\/wp-json\/wp\/v2\/comments?post=13095"}],"version-history":[{"count":0,"href":"https:\/\/www.radiopresidenteibanez.cl\/web\/wp-json\/wp\/v2\/posts\/13095\/revisions"}],"wp:featuredmedia":[{"embeddable":true,"href":"https:\/\/www.radiopresidenteibanez.cl\/web\/wp-json\/wp\/v2\/media\/7254"}],"wp:attachment":[{"href":"https:\/\/www.radiopresidenteibanez.cl\/web\/wp-json\/wp\/v2\/media?parent=13095"}],"wp:term":[{"taxonomy":"category","embeddable":true,"href":"https:\/\/www.radiopresidenteibanez.cl\/web\/wp-json\/wp\/v2\/categories?post=13095"},{"taxonomy":"post_tag","embeddable":true,"href":"https:\/\/www.radiopresidenteibanez.cl\/web\/wp-json\/wp\/v2\/tags?post=13095"}],"curies":[{"name":"wp","href":"https:\/\/api.w.org\/{rel}","templated":true}]}}