{"id":13090,"date":"2020-07-02T12:45:05","date_gmt":"2020-07-02T12:45:05","guid":{"rendered":"https:\/\/www.radiopresidenteibanez.cl\/web\/?p=13090"},"modified":"2020-07-02T12:45:09","modified_gmt":"2020-07-02T12:45:09","slug":"programa-alimentos-para-chile-entregara-dos-mil-canastas-en-la-provincia-de-ultima-esperanza-durante-el-mes-de-julio","status":"publish","type":"post","link":"https:\/\/www.radiopresidenteibanez.cl\/web\/programa-alimentos-para-chile-entregara-dos-mil-canastas-en-la-provincia-de-ultima-esperanza-durante-el-mes-de-julio\/","title":{"rendered":"PROGRAMA \u201cALIMENTOS PARA CHILE\u201d ENTREGAR\u00c1 DOS MIL CANASTAS EN LA PROVINCIA DE \u00daLTIMA ESPERANZA DURANTE EL MES DE JULIO"},"content":{"rendered":"\n<p>En\ndependencias del Polideportivo Municipal de Puerto Natales, se hizo un\nimportante anunci\u00f3 referente al programa de canastas de Gobierno \u201cAlimentos\nPara Chile\u201d en la provincia de \u00daltima Esperanza, ya que durante el mes de julio\nse entregar\u00e1n dos mil canastas, las cuales fueron adquiridas con fondos del\nGobierno Regional de Magallanes para ser destinadas a las familias m\u00e1s\nnecesitadas.<\/p>\n\n\n\n<p>La noticia\nfue comunicada por el gobernador de la provincia de \u00daltima Esperanza, Ra\u00fal\nSuazo y el alcalde de Natales, Fernando Paredes. <\/p>\n\n\n\n<p>\u201cComo\nGobernaci\u00f3n Provincial, y a nombre del Gobierno, estamos comenzando una nueva\netapa en el programa \u2018Alimentos Para Chile\u2019, campa\u00f1a que ya hab\u00eda iniciado en\nla provincia cuando se entregaron las primeras 100 canastas en los sectores\nrurales, en compa\u00f1\u00eda del Ej\u00e9rcito\u201d, coment\u00f3 el gobernador Suazo. <\/p>\n\n\n\n<p>Por su parte, el\nalcalde Fernando Paredes se refiri\u00f3 al proceso que se realizar\u00e1 este mes para\nentregar estas 2 mil canastas, al respecto sostuvo que \u201choy d\u00eda la\nresponsabilidad que tenemos como ciudad es poder llevar a cada uno de los\ndomicilios, lo que hemos cifrado nosotros como meta, entregando dos mil\ncanastas de alimentos entre esta semana y la semana siguiente; es un proceso\nque comienza hoy d\u00eda, y pretendemos culminarlo el viernes de la pr\u00f3xima semana\u201d.\n<\/p>\n\n\n\n<p>Cabe destacar\nque la informaci\u00f3n de todas las personas que se inscribieron para esta ayuda, fue\ntrabajada de manera coordinada entre los Departamentos Sociales tanto del\nMunicipio como de la Gobernaci\u00f3n Provincial con la finalidad de optimizar el\ntrabajo realizado.<\/p>\n\n\n\n<p>En lo referente\na la distribuci\u00f3n de las canastas, habr\u00e1 distintos grupos enfocados en esta\ntarea, as\u00ed lo indic\u00f3 el alcalde Paredes al se\u00f1alar que \u201cestas canastas van a\nser repartidas en los distintos sectores de la poblaci\u00f3n, hay equipos que est\u00e1n\ntrabajando conformados entre personal del Destacamento Acorazado n\u00ba 5 Lanceros,\npersonal de la Gobernaci\u00f3n de \u00daltima Esperanza y personal de la Municipalidad\nde Natales\u201d.<\/p>\n\n\n\n<p>Finalmente,\nel gobernador Suazo se refiri\u00f3 a la recepci\u00f3n de esta ayuda, \u201cen\nt\u00e9rminos del contexto de la campa\u00f1a de \u2018Alimentos Para Chile\u2019, esta semana va a\nser clave, contamos con el apoyo del Ej\u00e9rcito y las canastas van a ser\nentregadas a domicilio, \u00e9sa es la idea, que nadie tenga que andar buscando sus\ncanastas, sino que les sean entregadas\u201d, sostuvo la autoridad provincial.<\/p>\n","protected":false},"excerpt":{"rendered":"<p>En dependencias del Polideportivo Municipal de Puerto Natales, se hizo un importante anunci\u00f3 referente al programa de canastas de Gobierno \u201cAlimentos Para Chile\u201d en la provincia de \u00daltima Esperanza, ya&#8230; <a class=\"read-more\" href=\"https:\/\/www.radiopresidenteibanez.cl\/web\/programa-alimentos-para-chile-entregara-dos-mil-canastas-en-la-provincia-de-ultima-esperanza-durante-el-mes-de-julio\/\">Leer m\u00e1s<\/a><\/p>\n","protected":false},"author":2,"featured_media":13091,"comment_status":"closed","ping_status":"closed","sticky":false,"template":"","format":"standard","meta":{"footnotes":""},"categories":[1],"tags":[],"class_list":["post-13090","post","type-post","status-publish","format-standard","has-post-thumbnail","hentry","category-cronica"],"_links":{"self":[{"href":"https:\/\/www.radiopresidenteibanez.cl\/web\/wp-json\/wp\/v2\/posts\/13090","targetHints":{"allow":["GET"]}}],"collection":[{"href":"https:\/\/www.radiopresidenteibanez.cl\/web\/wp-json\/wp\/v2\/posts"}],"about":[{"href":"https:\/\/www.radiopresidenteibanez.cl\/web\/wp-json\/wp\/v2\/types\/post"}],"author":[{"embeddable":true,"href":"https:\/\/www.radiopresidenteibanez.cl\/web\/wp-json\/wp\/v2\/users\/2"}],"replies":[{"embeddable":true,"href":"https:\/\/www.radiopresidenteibanez.cl\/web\/wp-json\/wp\/v2\/comments?post=13090"}],"version-history":[{"count":0,"href":"https:\/\/www.radiopresidenteibanez.cl\/web\/wp-json\/wp\/v2\/posts\/13090\/revisions"}],"wp:featuredmedia":[{"embeddable":true,"href":"https:\/\/www.radiopresidenteibanez.cl\/web\/wp-json\/wp\/v2\/media\/13091"}],"wp:attachment":[{"href":"https:\/\/www.radiopresidenteibanez.cl\/web\/wp-json\/wp\/v2\/media?parent=13090"}],"wp:term":[{"taxonomy":"category","embeddable":true,"href":"https:\/\/www.radiopresidenteibanez.cl\/web\/wp-json\/wp\/v2\/categories?post=13090"},{"taxonomy":"post_tag","embeddable":true,"href":"https:\/\/www.radiopresidenteibanez.cl\/web\/wp-json\/wp\/v2\/tags?post=13090"}],"curies":[{"name":"wp","href":"https:\/\/api.w.org\/{rel}","templated":true}]}}