{"id":1309,"date":"2019-02-10T18:49:50","date_gmt":"2019-02-10T18:49:50","guid":{"rendered":"http:\/\/www.radiopresidenteibanez.cl\/web\/?p=1309"},"modified":"2019-02-10T18:50:24","modified_gmt":"2019-02-10T18:50:24","slug":"mas-de-300-personas-participaron-de-una-nueva-version-de-la-fiesta-de-los-abrazos-organizada-por-el-partido-comunista-que-conto-con-la-participacion-del-alcalde-de-recoleta-daniel-jadue","status":"publish","type":"post","link":"https:\/\/www.radiopresidenteibanez.cl\/web\/mas-de-300-personas-participaron-de-una-nueva-version-de-la-fiesta-de-los-abrazos-organizada-por-el-partido-comunista-que-conto-con-la-participacion-del-alcalde-de-recoleta-daniel-jadue\/","title":{"rendered":"M\u00c1S DE 300 PERSONAS PARTICIPARON DE UNA NUEVA VERSI\u00d3N DE LA FIESTA DE LOS ABRAZOS ORGANIZADA POR EL PARTIDO COMUNISTA QUE CONT\u00d3 CON LA PARTICIPACI\u00d3N DEL ALCALDE DE RECOLETA DANIEL JADUE"},"content":{"rendered":"\n<p>El pasado s\u00e1bado en el Parque Mar\u00e1 Behety de Punta Arenas,\nse realiz\u00f3 una nueva versi\u00f3n de la ya tradicional Fiestas de los Abrazos,\norganizada por el Partido Comunista de Magallanes, que este a\u00f1o cont\u00f3 con la\nimportante visita del actual alcalde de Recoleta Daniel Jadue.<\/p>\n\n\n\n<p>En la ocasi\u00f3n m\u00e1s de 300 personas participaron de esta popular festividad, que cont\u00f3 con shows art\u00edsticos, culturales, entre otros, lo que busca esta instancia es poder conversar todo lo que est\u00e1 sucediendo en la actual oposici\u00f3n, as\u00ed poder trabajar en las pr\u00f3ximas elecciones municipales y de gobernadores.<\/p>\n\n\n\n<p>Im\u00e1genes Dalivor Eterovic<\/p>\n\n\n\n<ul class=\"wp-block-gallery columns-3 is-cropped wp-block-gallery-1 is-layout-flex wp-block-gallery-is-layout-flex\"><li class=\"blocks-gallery-item\"><figure><img loading=\"lazy\" decoding=\"async\" width=\"960\" height=\"720\" src=\"https:\/\/www.radiopresidenteibanez.cl\/web\/wp-content\/uploads\/2019\/02\/FB_IMG_1549824426690.jpg\" alt=\"\" data-id=\"1310\" data-link=\"https:\/\/www.radiopresidenteibanez.cl\/web\/?attachment_id=1310\" class=\"wp-image-1310\" srcset=\"https:\/\/www.radiopresidenteibanez.cl\/web\/wp-content\/uploads\/2019\/02\/FB_IMG_1549824426690.jpg 960w, https:\/\/www.radiopresidenteibanez.cl\/web\/wp-content\/uploads\/2019\/02\/FB_IMG_1549824426690-300x225.jpg 300w, https:\/\/www.radiopresidenteibanez.cl\/web\/wp-content\/uploads\/2019\/02\/FB_IMG_1549824426690-768x576.jpg 768w\" sizes=\"auto, (max-width: 960px) 100vw, 960px\" \/><\/figure><\/li><li class=\"blocks-gallery-item\"><figure><img loading=\"lazy\" decoding=\"async\" width=\"960\" height=\"720\" src=\"https:\/\/www.radiopresidenteibanez.cl\/web\/wp-content\/uploads\/2019\/02\/FB_IMG_1549824432376.jpg\" alt=\"\" data-id=\"1311\" data-link=\"https:\/\/www.radiopresidenteibanez.cl\/web\/?attachment_id=1311\" class=\"wp-image-1311\" srcset=\"https:\/\/www.radiopresidenteibanez.cl\/web\/wp-content\/uploads\/2019\/02\/FB_IMG_1549824432376.jpg 960w, https:\/\/www.radiopresidenteibanez.cl\/web\/wp-content\/uploads\/2019\/02\/FB_IMG_1549824432376-300x225.jpg 300w, https:\/\/www.radiopresidenteibanez.cl\/web\/wp-content\/uploads\/2019\/02\/FB_IMG_1549824432376-768x576.jpg 768w\" sizes=\"auto, (max-width: 960px) 100vw, 960px\" \/><\/figure><\/li><li class=\"blocks-gallery-item\"><figure><img loading=\"lazy\" decoding=\"async\" width=\"720\" height=\"960\" src=\"https:\/\/www.radiopresidenteibanez.cl\/web\/wp-content\/uploads\/2019\/02\/FB_IMG_1549824434860.jpg\" alt=\"\" data-id=\"1312\" data-link=\"https:\/\/www.radiopresidenteibanez.cl\/web\/?attachment_id=1312\" class=\"wp-image-1312\" srcset=\"https:\/\/www.radiopresidenteibanez.cl\/web\/wp-content\/uploads\/2019\/02\/FB_IMG_1549824434860.jpg 720w, https:\/\/www.radiopresidenteibanez.cl\/web\/wp-content\/uploads\/2019\/02\/FB_IMG_1549824434860-225x300.jpg 225w\" sizes=\"auto, (max-width: 720px) 100vw, 720px\" \/><\/figure><\/li><\/ul>\n\n\n\n<p><\/p>\n","protected":false},"excerpt":{"rendered":"<p>El pasado s\u00e1bado en el Parque Mar\u00e1 Behety de Punta Arenas, se realiz\u00f3 una nueva versi\u00f3n de la ya tradicional Fiestas de los Abrazos, organizada por el Partido Comunista de&#8230; <a class=\"read-more\" href=\"https:\/\/www.radiopresidenteibanez.cl\/web\/mas-de-300-personas-participaron-de-una-nueva-version-de-la-fiesta-de-los-abrazos-organizada-por-el-partido-comunista-que-conto-con-la-participacion-del-alcalde-de-recoleta-daniel-jadue\/\">Leer m\u00e1s<\/a><\/p>\n","protected":false},"author":2,"featured_media":1310,"comment_status":"closed","ping_status":"closed","sticky":false,"template":"","format":"standard","meta":{"footnotes":""},"categories":[1,5],"tags":[],"class_list":["post-1309","post","type-post","status-publish","format-standard","has-post-thumbnail","hentry","category-cronica","category-politica"],"_links":{"self":[{"href":"https:\/\/www.radiopresidenteibanez.cl\/web\/wp-json\/wp\/v2\/posts\/1309","targetHints":{"allow":["GET"]}}],"collection":[{"href":"https:\/\/www.radiopresidenteibanez.cl\/web\/wp-json\/wp\/v2\/posts"}],"about":[{"href":"https:\/\/www.radiopresidenteibanez.cl\/web\/wp-json\/wp\/v2\/types\/post"}],"author":[{"embeddable":true,"href":"https:\/\/www.radiopresidenteibanez.cl\/web\/wp-json\/wp\/v2\/users\/2"}],"replies":[{"embeddable":true,"href":"https:\/\/www.radiopresidenteibanez.cl\/web\/wp-json\/wp\/v2\/comments?post=1309"}],"version-history":[{"count":0,"href":"https:\/\/www.radiopresidenteibanez.cl\/web\/wp-json\/wp\/v2\/posts\/1309\/revisions"}],"wp:featuredmedia":[{"embeddable":true,"href":"https:\/\/www.radiopresidenteibanez.cl\/web\/wp-json\/wp\/v2\/media\/1310"}],"wp:attachment":[{"href":"https:\/\/www.radiopresidenteibanez.cl\/web\/wp-json\/wp\/v2\/media?parent=1309"}],"wp:term":[{"taxonomy":"category","embeddable":true,"href":"https:\/\/www.radiopresidenteibanez.cl\/web\/wp-json\/wp\/v2\/categories?post=1309"},{"taxonomy":"post_tag","embeddable":true,"href":"https:\/\/www.radiopresidenteibanez.cl\/web\/wp-json\/wp\/v2\/tags?post=1309"}],"curies":[{"name":"wp","href":"https:\/\/api.w.org\/{rel}","templated":true}]}}