{"id":13086,"date":"2020-07-02T12:41:42","date_gmt":"2020-07-02T12:41:42","guid":{"rendered":"https:\/\/www.radiopresidenteibanez.cl\/web\/?p=13086"},"modified":"2020-07-02T12:42:14","modified_gmt":"2020-07-02T12:42:14","slug":"chileatiende-recibio-mascarillas-inclusivas-entregadas-por-senadis","status":"publish","type":"post","link":"https:\/\/www.radiopresidenteibanez.cl\/web\/chileatiende-recibio-mascarillas-inclusivas-entregadas-por-senadis\/","title":{"rendered":"CHILEATIENDE RECIBI\u00d3 MASCARILLAS INCLUSIVAS ENTREGADAS POR SENADIS"},"content":{"rendered":"\n<p>Los funcionarios de las Sucursales ChileAtiende en\nMagallanes recibieron un total de 15 mascarillas inclusivas de parte de\nSenadis, implementos sanitarios que permiten la lectura de labios para la\natenci\u00f3n de personas en situaci\u00f3n de discapacidad auditiva.<\/p>\n\n\n\n<p>\u201cEn el 2019, recibimos la visita de la ministra del Trabajo,\nMar\u00eda Jos\u00e9 Zald\u00edvar, y pudimos inaugurar esta oficina del IPS como una sucursal\ninclusiva, teniendo distintos servicios: ba\u00f1os para personas con discapacidad,\nsala de lactancia, un m\u00f3dulo especial para la atenci\u00f3n de usuarios con\ndiscapacidad, de forma tal que recibir hoy estas mascarillas, que se\nconfeccionan como un esfuerzo importante del Gobierno del Presidente Sebasti\u00e1n\nPi\u00f1era, viene a visibilizar el sentido que para nosotros tiene manifestar a la\ncomunidad que las personas en situaci\u00f3n de discapacidad tienen un espacio ac\u00e1\nen el IPS\u201d, afirm\u00f3 la seremi del Trabajo y Previsi\u00f3n Social, Victoria Cort\u00e9s.<\/p>\n\n\n\n<p>\u201cToda la informaci\u00f3n del \u00e1rea social es importante que\nllegue a toda la poblaci\u00f3n y esta herramienta, esta mascarilla, va a permitir\nque podamos entregar la informaci\u00f3n a cada una de las personas que cuentan con\nuna discapacidad auditiva\u201d, agreg\u00f3 la seremi de Desarrollo Social y Familia,\nLiz Casanueva.<\/p>\n\n\n\n<p>Las mascarillas fueron elaboradas por Senadis con apoyo de\nla Universidad de Magallanes. \u201cEl Servicio Nacional de la Discapacidad\nidentific\u00f3 que existen servicios que actualmente mantienen la atenci\u00f3n presencial,\ncomo el Registro Civil, Fonasa y ChileAtiende, sucursales que para nosotros\nresultan de vital importancia por el acceso de la informaci\u00f3n\u201d, explic\u00f3 el\ndirector regional de Senadis, Iv\u00e1n Gonz\u00e1lez, agregando que se busca eliminar\nlas barreras comunicacionales para las personas en situaci\u00f3n de discapacidad\nauditiva.<\/p>\n\n\n\n<p>Las mascarillas ser\u00e1n entregadas a los funcionarios de\nChileAtiende de las cuatro sucursales en la regi\u00f3n: Punta Arenas, Puerto\nNatales, Porvenir y Cabo de Hornos y se utilizar\u00e1n de manera puntual en caso de\nque as\u00ed se requiera. \u201cVamos a destinar este tremendo recurso que se nos hace\nllegar desde Senadis, en vista de que nuestros funcionarios puedan atender esta\nnecesidad, entendiendo la pandemia y la necesaria urgencia de estar trabajando\ncon estas mascarillas, sobre todo porque se focaliza en la lectura de los\nlabios que es un tema de inclusi\u00f3n a nivel pa\u00eds\u201d, concluy\u00f3 el director regional\ndel IPS, Eduardo Barahona Kompatzki.<\/p>\n","protected":false},"excerpt":{"rendered":"<p>Los funcionarios de las Sucursales ChileAtiende en Magallanes recibieron un total de 15 mascarillas inclusivas de parte de Senadis, implementos sanitarios que permiten la lectura de labios para la atenci\u00f3n&#8230; <a class=\"read-more\" href=\"https:\/\/www.radiopresidenteibanez.cl\/web\/chileatiende-recibio-mascarillas-inclusivas-entregadas-por-senadis\/\">Leer m\u00e1s<\/a><\/p>\n","protected":false},"author":2,"featured_media":13088,"comment_status":"closed","ping_status":"closed","sticky":false,"template":"","format":"standard","meta":{"footnotes":""},"categories":[1],"tags":[],"class_list":["post-13086","post","type-post","status-publish","format-standard","has-post-thumbnail","hentry","category-cronica"],"_links":{"self":[{"href":"https:\/\/www.radiopresidenteibanez.cl\/web\/wp-json\/wp\/v2\/posts\/13086","targetHints":{"allow":["GET"]}}],"collection":[{"href":"https:\/\/www.radiopresidenteibanez.cl\/web\/wp-json\/wp\/v2\/posts"}],"about":[{"href":"https:\/\/www.radiopresidenteibanez.cl\/web\/wp-json\/wp\/v2\/types\/post"}],"author":[{"embeddable":true,"href":"https:\/\/www.radiopresidenteibanez.cl\/web\/wp-json\/wp\/v2\/users\/2"}],"replies":[{"embeddable":true,"href":"https:\/\/www.radiopresidenteibanez.cl\/web\/wp-json\/wp\/v2\/comments?post=13086"}],"version-history":[{"count":0,"href":"https:\/\/www.radiopresidenteibanez.cl\/web\/wp-json\/wp\/v2\/posts\/13086\/revisions"}],"wp:featuredmedia":[{"embeddable":true,"href":"https:\/\/www.radiopresidenteibanez.cl\/web\/wp-json\/wp\/v2\/media\/13088"}],"wp:attachment":[{"href":"https:\/\/www.radiopresidenteibanez.cl\/web\/wp-json\/wp\/v2\/media?parent=13086"}],"wp:term":[{"taxonomy":"category","embeddable":true,"href":"https:\/\/www.radiopresidenteibanez.cl\/web\/wp-json\/wp\/v2\/categories?post=13086"},{"taxonomy":"post_tag","embeddable":true,"href":"https:\/\/www.radiopresidenteibanez.cl\/web\/wp-json\/wp\/v2\/tags?post=13086"}],"curies":[{"name":"wp","href":"https:\/\/api.w.org\/{rel}","templated":true}]}}