{"id":13079,"date":"2020-07-02T12:33:01","date_gmt":"2020-07-02T12:33:01","guid":{"rendered":"https:\/\/www.radiopresidenteibanez.cl\/web\/?p=13079"},"modified":"2020-07-02T12:33:06","modified_gmt":"2020-07-02T12:33:06","slug":"las-ayudas-que-no-llegan-por-rolando-martinez","status":"publish","type":"post","link":"https:\/\/www.radiopresidenteibanez.cl\/web\/las-ayudas-que-no-llegan-por-rolando-martinez\/","title":{"rendered":"LAS AYUDAS QUE NO LLEGAN por Rolando Mart\u00ednez"},"content":{"rendered":"\n<p>El gobierno se propuso distribuir casi 34 mil cajas de\nalimentos para llegar a los hogares m\u00e1s vulnerables y que lo est\u00e1n pasando mal\npor la crisis econ\u00f3mica derivada por la pandemia que afecta al mundo.<\/p>\n\n\n\n<p>Sin embargo, parece que estas ayudas no est\u00e1n llegando a\ntodos los hogares. Al menos, as\u00ed lo han dicho los dirigentes de las juntas de\nvecinos que recurren a campa\u00f1as propias para paliar la falta de apoyo. As\u00ed\ntambi\u00e9n ocurri\u00f3 que por medio de una cadena de radioemisoras se sum\u00f3 otra\ncruzada solidaria que se realiz\u00f3 con \u00e9xito el s\u00e1bado \u00faltimo.<\/p>\n\n\n\n<p>Hay ollas comunes que se desarrollan en sectores\npoblacionales y aunque desde el gobierno se realice el esfuerzo para alcanzar a\ntodos los sectores, parece que no es suficiente.<\/p>\n\n\n\n<p>As\u00ed tambi\u00e9n los dirigentes vecinales extra\u00f1an una masiva\nsalida de las autoridades de gobierno. Y en este aspecto, uno puede afirmar que\nsi bien hemos visto visitas a terreno de algunas de ellas, encabezadas por el\nintendente de Magallanes, Jos\u00e9 Fern\u00e1ndez, se esperar\u00eda un mayor despliegue de\ntodos los secretarios regionales ministeriales que con sus equipos de trabajo acudan\na todos los sectores poblacionales.<\/p>\n\n\n\n<p>Que uno vea un gobierno en terreno, en la calle, como si\ntodos estuvieran en campa\u00f1a pol\u00edtica. Que lleguen a los barrios a conversar con\nlos vecinos, a escuchar las demandas sociales, a conocer las necesidades.<\/p>\n\n\n\n<p>\u201cEmpaparse\u201d con las carencias que hoy enfrentan vecinos\ndesempleados, suspendidos de sus trabajos, otros con emprendimientos en crisis\ny tambi\u00e9n aquellos trabajadores informales que hoy no perciben los ingresos que\nobten\u00edan antes de la pandemia.<\/p>\n\n\n\n<p>Estos son los tiempos en que nuevamente aflora la\nsolidaridad y la unidad. Algo que se est\u00e1 viendo no solo en nuestra regi\u00f3n o en\nel pa\u00eds, sino que en todo el mundo.<\/p>\n\n\n\n<p>Hace unas semanas, en uno de los diarios de Espa\u00f1a se\ndestacaba que las parroquias se han convertido en centros de acopio de ayudas\npara quienes sufren de los efectos de las crisis. La fundaci\u00f3n C\u00e1ritas, de\nBarcelona, ha atendido unos 3 mil hogares en promedio al mes, una cifra que\nduplica a los hogares que eran asistidos en igual \u00e9poca hace un a\u00f1o.<\/p>\n\n\n\n<p>Adem\u00e1s, las C\u00e1ritas parroquiales, \u00f3rganos locales de la\nONG, distribuyen a diario alimentos para m\u00e1s de 9.500 hogares. El director de\nla entidad diocesana, Salvador Busquets, advierte que se han triplicado las\nfamilias que se acercan por primera vez a C\u00e1ritas o que retornan despu\u00e9s de un\nper\u00edodo en que ya no necesitaban ayuda. La situaci\u00f3n la califica de tr\u00e1gica.<\/p>\n\n\n\n<p>Al volver nuestra mirada a la regi\u00f3n de Magallanes las\nparroquias de la Iglesia Cat\u00f3lica, que siempre mantienen sus programas de ayuda\nsocial, tambi\u00e9n experimentan aumentos en las demandas por ayuda.<\/p>\n\n\n\n<p>Se distribuyen en promedio unas 400 cajas de alimentos en\nprogramas canalizados a trav\u00e9s de los voluntariados de acci\u00f3n social de las\nparroquias. A modo de ejemplo, en la parroquia Catedral, antes de la pandemia,\nse asist\u00eda con alimentos cada mes a 26 familias y desde hace tres meses esa\ncantidad aument\u00f3 a 40 familias.<\/p>\n\n\n\n<p>Estamos en una realidad irreversible por ahora y solo\nqueda actuar a favor de los m\u00e1s desvalidos.<\/p>\n\n\n\n<p>Por eso es clave que la institucionalidad, a partir del\ngobierno regional, del municipio y de otros organismos, funcione de manera\ndiligente, eficaz, sin tanta demora ni burocracia, para que ese apoyo sea\nefectivo a favor de quienes lo pasan mal ahora.<\/p>\n\n\n\n<p>La solidaridad exige actuar r\u00e1pido y responder ante la\ndesesperaci\u00f3n de familias que a\u00fan sienten que no les ha llegado ayuda alguna.<\/p>\n","protected":false},"excerpt":{"rendered":"<p>El gobierno se propuso distribuir casi 34 mil cajas de alimentos para llegar a los hogares m\u00e1s vulnerables y que lo est\u00e1n pasando mal por la crisis econ\u00f3mica derivada por&#8230; <a class=\"read-more\" href=\"https:\/\/www.radiopresidenteibanez.cl\/web\/las-ayudas-que-no-llegan-por-rolando-martinez\/\">Leer m\u00e1s<\/a><\/p>\n","protected":false},"author":2,"featured_media":13080,"comment_status":"closed","ping_status":"closed","sticky":false,"template":"","format":"standard","meta":{"footnotes":""},"categories":[1],"tags":[],"class_list":["post-13079","post","type-post","status-publish","format-standard","has-post-thumbnail","hentry","category-cronica"],"_links":{"self":[{"href":"https:\/\/www.radiopresidenteibanez.cl\/web\/wp-json\/wp\/v2\/posts\/13079","targetHints":{"allow":["GET"]}}],"collection":[{"href":"https:\/\/www.radiopresidenteibanez.cl\/web\/wp-json\/wp\/v2\/posts"}],"about":[{"href":"https:\/\/www.radiopresidenteibanez.cl\/web\/wp-json\/wp\/v2\/types\/post"}],"author":[{"embeddable":true,"href":"https:\/\/www.radiopresidenteibanez.cl\/web\/wp-json\/wp\/v2\/users\/2"}],"replies":[{"embeddable":true,"href":"https:\/\/www.radiopresidenteibanez.cl\/web\/wp-json\/wp\/v2\/comments?post=13079"}],"version-history":[{"count":0,"href":"https:\/\/www.radiopresidenteibanez.cl\/web\/wp-json\/wp\/v2\/posts\/13079\/revisions"}],"wp:featuredmedia":[{"embeddable":true,"href":"https:\/\/www.radiopresidenteibanez.cl\/web\/wp-json\/wp\/v2\/media\/13080"}],"wp:attachment":[{"href":"https:\/\/www.radiopresidenteibanez.cl\/web\/wp-json\/wp\/v2\/media?parent=13079"}],"wp:term":[{"taxonomy":"category","embeddable":true,"href":"https:\/\/www.radiopresidenteibanez.cl\/web\/wp-json\/wp\/v2\/categories?post=13079"},{"taxonomy":"post_tag","embeddable":true,"href":"https:\/\/www.radiopresidenteibanez.cl\/web\/wp-json\/wp\/v2\/tags?post=13079"}],"curies":[{"name":"wp","href":"https:\/\/api.w.org\/{rel}","templated":true}]}}