{"id":13075,"date":"2020-07-01T15:11:18","date_gmt":"2020-07-01T15:11:18","guid":{"rendered":"https:\/\/www.radiopresidenteibanez.cl\/web\/?p=13075"},"modified":"2020-07-01T15:11:22","modified_gmt":"2020-07-01T15:11:22","slug":"anuncian-proyecto-que-amplia-beneficios-del-seguro-de-cesantia-y-ley-de-proteccion-del-empleo","status":"publish","type":"post","link":"https:\/\/www.radiopresidenteibanez.cl\/web\/anuncian-proyecto-que-amplia-beneficios-del-seguro-de-cesantia-y-ley-de-proteccion-del-empleo\/","title":{"rendered":"ANUNCIAN PROYECTO QUE AMPL\u00cdA BENEFICIOS DEL SEGURO DE CESANT\u00cdA Y LEY DE PROTECCI\u00d3N DEL EMPLEO"},"content":{"rendered":"\n<p>Tras la publicaci\u00f3n de un nuevo\ninforme de empleo, emitido por el Instituto Nacional de Estad\u00edsticas (Ine), el\nintendente regional de Magallanes, Jos\u00e9 Fern\u00e1ndez D\u00fcbrock, junto a la Seremi\ndel Trabajo, Victoria Cort\u00e9s Schiattino, anunciaron el ingreso de un proyecto\nde ley que ampl\u00eda y mejora las prestaciones del Seguro de Cesant\u00eda y la Ley de\nProtecci\u00f3n del Empleo, iniciativa pensada para ir en apoyo de aquellos\ntrabajadores que se han visto afectados en sus puestos de trabajo producto de\nla crisis sanitaria por Covid-19.<\/p>\n\n\n\n<p>El anuncio se hizo el mismo d\u00eda en que\nse informaron las cifras de empleo en Magallanes que registr\u00f3 una tasa de\ndesocupaci\u00f3n de un 7,0% durante el trimestre marzo \u2013 mayo de 2020, per\u00edodo que\nabarca \u00edntegramente la situaci\u00f3n del mercado laboral a ra\u00edz de la pandemia.\nPara abordar esta situaci\u00f3n, la iniciativa legal contempla un incremento en las\ntasas de reemplazo del Seguro de Cesant\u00eda y de las prestaciones de la ley de\nprotecci\u00f3n del empleo, con los mismos plazos de extensi\u00f3n del Ingreso Familiar\nde Emergencia (IFE).<\/p>\n\n\n\n<p>Al respecto, el intendente regional\nexplic\u00f3 que \u201choy, el Presidente de la Rep\u00fablica, Sebasti\u00e1n Pi\u00f1era y la Ministra\ndel Trabajo y Previsi\u00f3n Social firmaron un proyecto de ley que flexibiliza los\nrequisitos para acceder al Seguro de Cesant\u00eda. Se trata de una iniciativa que\nva al parlamento para su aprobaci\u00f3n y que podr\u00eda beneficiar en nuestra regi\u00f3n a\nm\u00e1s de 36 mil trabajadores actuales cotizantes del seguro\u201d<\/p>\n\n\n\n<p>Seg\u00fan expuso la primera autoridad\nregional, las medidas de flexibilidad que considera el proyecto para acceder al\nSeguro de Cesant\u00eda permitir\u00e1n que personas desempleadas que tengan recursos en\nsu cuenta individual de Cesant\u00eda, pero no cumplen con las cotizaciones m\u00ednimas,\npuedan acceder a los beneficios del Seguro.<\/p>\n\n\n\n<p>Sobre esto, la Seremi Cort\u00e9s expuso\nque \u201ceste proyecto de ley opera a trav\u00e9s de tres grandes herramientas. En\nprimer lugar, flexibiliza los requisitos de ingreso al Seguro de Cesant\u00eda (\u2026)\nEn segundo lugar, incrementa temporalmente los montos del Seguro de cesant\u00eda,\nes decir, mejora las tasas de reemplazo (\u2026) Y, en tercer lugar, aumenta las\nprestaciones de la ley de protecci\u00f3n al empleo en el caso de la suspensi\u00f3n del\ncontrato de trabajo que, en el caso de la regi\u00f3n de Magallanes, ya son m\u00e1s de\n7.500 los trabajadores que se han acogido a sus beneficios\u201d.<\/p>\n\n\n\n<p>El proyecto permite que las\npersonas desempleadas, que disponen de recursos en su Cuenta Individual por Cesant\u00eda\n(CIC) pero no cumplen con los requisitos de cotizaciones, puedan acceder a las\nprestaciones del seguro, rebajando los actuales requisitos (tres cotizaciones\ncontinuas anteriores al t\u00e9rmino de contrato o a seis cotizaciones mensuales\ncontinuas o discontinuas en los \u00faltimos 12 meses) para equipararlos a las\nexigencias vigentes para acceder a la Ley de Protecci\u00f3n del Empleo.<\/p>\n\n\n\n<p>Tambi\u00e9n aumenta el monto de\nlos pagos, tanto para aquellos que reciben prestaciones del Seguro de Cesant\u00eda\ncomo a los que est\u00e1n acogidos a la Ley de Protecci\u00f3n del Empleo, modificando la\nactual escala de porcentajes de los giros a partir del segundo giro, dej\u00e1ndolo\nfijo en 55%, hasta el cuarto pago.<\/p>\n\n\n\n<p>La iniciativa permite\nadem\u00e1s que los ingresos por acceso al seguro a cesant\u00eda sean compatibles con el\nIngreso Familiar de Emergencia, y se suma al proyecto que ampl\u00eda la cobertura\nde la Ley de Protecci\u00f3n del Empleo a madres, padres y cuidadores de ni\u00f1os y\nni\u00f1as en edad preescolar, mejorando igualmente los beneficios determinados en\nel marco de dicho proyecto, que fue presentado la semana pasada.<\/p>\n\n\n\n<p><strong>Cifras\nde Empleo<\/strong><\/p>\n\n\n\n<p>Seg\u00fan los datos del \u00faltimo bolet\u00edn de\nempleo, la Regi\u00f3n de Magallanes registr\u00f3 una tasa de desocupaci\u00f3n de un 7,0%,\naumentando en 3,7 puntos porcentuales respecto de igual per\u00edodo del a\u00f1o 2019 y\nde 1,0 punto porcentual en relaci\u00f3n con el trimestre inmediatamente anterior.<\/p>\n\n\n\n<p>Actualmente, el n\u00famero de desocupados\nen la regi\u00f3n alcanza las 5.700 personas, con un total de 82 mil en la fuerza de\ntrabajo y un n\u00famero de 76.300 trabajadores ocupados, lo que indica una\ndisminuci\u00f3n en el n\u00famero de personas activas, seg\u00fan el reporte.<\/p>\n\n\n\n<p>Asimismo, la tasa de desocupaci\u00f3n\nfemenina y masculina sufrieron alzas, quedando en un 7,3% y 6,8%,\nrespectivamente, de acuerdo al bolet\u00edn<\/p>\n\n\n\n<p>En palabras de la autoridad laboral,\n\u201cestos datos reflejan de manera clara el grave impacto de las restricciones de\nmovilidad de la poblaci\u00f3n desde la segunda semana del mes de marzo y esta\ndisminuci\u00f3n de la fuerza laboral y de la ocupaci\u00f3n evidencia que las personas que\nestar\u00edan dispuestas a trabajar, se encuentran imposibilitadas de buscar un\nnuevo empleo debido a la crisis sanitaria\u201d.<\/p>\n\n\n\n<p>Por ello, \u201ccomo Gobierno, estamos\ntomando las medidas de apoyo con foco en quienes han sido m\u00e1s afectados por\nesta pandemia, para ir mejorando su situaci\u00f3n y, como Ministerio, seguimos\nenfocados en buscar los mecanismos de mejora a las medidas que hemos tomado\nhasta ahora y en la propuesta para la reactivaci\u00f3n del mercado laboral. La idea\nes poder dar m\u00e1s cobertura y llegar a la mayor cantidad de trabajadores de la\nregi\u00f3n con estas iniciativas\u201d, concluy\u00f3 la Seremi.<\/p>\n","protected":false},"excerpt":{"rendered":"<p>Tras la publicaci\u00f3n de un nuevo informe de empleo, emitido por el Instituto Nacional de Estad\u00edsticas (Ine), el intendente regional de Magallanes, Jos\u00e9 Fern\u00e1ndez D\u00fcbrock, junto a la Seremi del&#8230; <a class=\"read-more\" href=\"https:\/\/www.radiopresidenteibanez.cl\/web\/anuncian-proyecto-que-amplia-beneficios-del-seguro-de-cesantia-y-ley-de-proteccion-del-empleo\/\">Leer m\u00e1s<\/a><\/p>\n","protected":false},"author":2,"featured_media":13076,"comment_status":"closed","ping_status":"closed","sticky":false,"template":"","format":"standard","meta":{"footnotes":""},"categories":[1],"tags":[],"class_list":["post-13075","post","type-post","status-publish","format-standard","has-post-thumbnail","hentry","category-cronica"],"_links":{"self":[{"href":"https:\/\/www.radiopresidenteibanez.cl\/web\/wp-json\/wp\/v2\/posts\/13075","targetHints":{"allow":["GET"]}}],"collection":[{"href":"https:\/\/www.radiopresidenteibanez.cl\/web\/wp-json\/wp\/v2\/posts"}],"about":[{"href":"https:\/\/www.radiopresidenteibanez.cl\/web\/wp-json\/wp\/v2\/types\/post"}],"author":[{"embeddable":true,"href":"https:\/\/www.radiopresidenteibanez.cl\/web\/wp-json\/wp\/v2\/users\/2"}],"replies":[{"embeddable":true,"href":"https:\/\/www.radiopresidenteibanez.cl\/web\/wp-json\/wp\/v2\/comments?post=13075"}],"version-history":[{"count":0,"href":"https:\/\/www.radiopresidenteibanez.cl\/web\/wp-json\/wp\/v2\/posts\/13075\/revisions"}],"wp:featuredmedia":[{"embeddable":true,"href":"https:\/\/www.radiopresidenteibanez.cl\/web\/wp-json\/wp\/v2\/media\/13076"}],"wp:attachment":[{"href":"https:\/\/www.radiopresidenteibanez.cl\/web\/wp-json\/wp\/v2\/media?parent=13075"}],"wp:term":[{"taxonomy":"category","embeddable":true,"href":"https:\/\/www.radiopresidenteibanez.cl\/web\/wp-json\/wp\/v2\/categories?post=13075"},{"taxonomy":"post_tag","embeddable":true,"href":"https:\/\/www.radiopresidenteibanez.cl\/web\/wp-json\/wp\/v2\/tags?post=13075"}],"curies":[{"name":"wp","href":"https:\/\/api.w.org\/{rel}","templated":true}]}}