{"id":13072,"date":"2020-07-01T15:08:31","date_gmt":"2020-07-01T15:08:31","guid":{"rendered":"https:\/\/www.radiopresidenteibanez.cl\/web\/?p=13072"},"modified":"2020-07-01T15:08:35","modified_gmt":"2020-07-01T15:08:35","slug":"aguas-magallanes-preocupa-falta-de-proteccion-en-medidores-y-canerias-expuestas","status":"publish","type":"post","link":"https:\/\/www.radiopresidenteibanez.cl\/web\/aguas-magallanes-preocupa-falta-de-proteccion-en-medidores-y-canerias-expuestas\/","title":{"rendered":"AGUAS MAGALLANES: PREOCUPA FALTA DE PROTECCI\u00d3N EN MEDIDORES Y CA\u00d1ER\u00cdAS EXPUESTAS"},"content":{"rendered":"\n<p> Adoptando rigurosas medidas de seguridad para no exponer a sus clientes ni a los trabajadores de la Compa\u00f1\u00eda, Aguas Magallanes mantiene sus atenciones t\u00e9cnicas en terreno, dando prioridad a situaciones de emergencia. <\/p>\n\n\n\n<p>Hoy, las bajas temperaturas son un desaf\u00edo mayor que tambi\u00e9n requiere de la colaboraci\u00f3n y responsabilidad de los clientes para una protecci\u00f3n adecuada que considere material aislante en el nicho y tapa del medidor y ca\u00f1er\u00edas exteriores.<\/p>\n\n\n\n<p>As\u00ed lo dio a conocer Johanna Reyes Neira, gerente de Clientes de Aguas Magallanes, quien explic\u00f3 que, a ra\u00edz de la pandemia, la empresa ha implementado diversas estrategias para minimizar situaciones de riesgo.\u00a0<\/p>\n\n\n\n<p>Sumado al aumento de requerimientos derivado de las bajas temperaturas y falta de protecci\u00f3n en medidores y ca\u00f1er\u00edas exteriores,\u00a0la empresa debe atender otras asistencias t\u00e9cnicas\u00a0 como baja presi\u00f3n, obstrucci\u00f3n de alcantarillado y filtraciones en v\u00eda p\u00fablica,\u00a0para dar continuidad al servicio, afectando en la menor medida de lo posible a los clientes.<\/p>\n\n\n\n<p>La empresa inform\u00f3 que este mes (junio) se ha percibido un importante aumento de estas solicitudes de atenciones en domicilios. Durante las \u00faltimas 72 horas se han atendido m\u00e1s de 540 llamados, lo\u00a0que representa\u00a0 aproximadamente un 540% de incremento.<\/p>\n\n\n\n<p>De este universo, m\u00e1s del 60% correspondi\u00f3 a problemas generados al interior de los domicilios, principalmente como consecuencia de la falta de protecci\u00f3n y aislaci\u00f3n t\u00e9rmica en los nichos de los medidores y ca\u00f1er\u00edas exteriores.<\/p>\n\n\n\n<p>\u201cA pesar de la pandemia, nuestros esfuerzos est\u00e1n destinados a cumplir con la atenci\u00f3n en terreno de nuestros clientes para garantizar la continuidad y calidad de servicio tanto de agua potable como de alcantarillado, pero es necesario la colaboraci\u00f3n de toda la comunidad para evitar emergencias por congelamiento de las instalaciones domiciliarias\u00bb, enfatiz\u00f3 la ejecutiva de Aguas Magallanes.<\/p>\n\n\n\n<p>En relaci\u00f3n a las medidas de seguridad la ejecutiva inform\u00f3 que, \u00abadem\u00e1s de proveer de todos los elementos de protecci\u00f3n personal, sumado a las recomendaciones entregadas por la autoridad sanitaria como el lavado frecuente de manos, alcohol gel, uso permanente de mascarillas o protector facial y guantes, evitamos el contacto entre cada una de las cuadrillas. <\/p>\n\n\n\n<p>Asimismo realizamos una sanitizaci\u00f3n peri\u00f3dica a los veh\u00edculos que salen a terreno y en los espacios comunes dentro de las instalaciones.<\/p>\n\n\n\n<p>Tambi\u00e9n hemos implementado un sistema para el lavado de manos en cada uno de los veh\u00edculos de terreno\u201d, destac\u00f3.<\/p>\n\n\n\n<p><\/p>\n","protected":false},"excerpt":{"rendered":"<p>Adoptando rigurosas medidas de seguridad para no exponer a sus clientes ni a los trabajadores de la Compa\u00f1\u00eda, Aguas Magallanes mantiene sus atenciones t\u00e9cnicas en terreno, dando prioridad a situaciones&#8230; <a class=\"read-more\" href=\"https:\/\/www.radiopresidenteibanez.cl\/web\/aguas-magallanes-preocupa-falta-de-proteccion-en-medidores-y-canerias-expuestas\/\">Leer m\u00e1s<\/a><\/p>\n","protected":false},"author":2,"featured_media":13073,"comment_status":"closed","ping_status":"closed","sticky":false,"template":"","format":"standard","meta":{"footnotes":""},"categories":[1],"tags":[],"class_list":["post-13072","post","type-post","status-publish","format-standard","has-post-thumbnail","hentry","category-cronica"],"_links":{"self":[{"href":"https:\/\/www.radiopresidenteibanez.cl\/web\/wp-json\/wp\/v2\/posts\/13072","targetHints":{"allow":["GET"]}}],"collection":[{"href":"https:\/\/www.radiopresidenteibanez.cl\/web\/wp-json\/wp\/v2\/posts"}],"about":[{"href":"https:\/\/www.radiopresidenteibanez.cl\/web\/wp-json\/wp\/v2\/types\/post"}],"author":[{"embeddable":true,"href":"https:\/\/www.radiopresidenteibanez.cl\/web\/wp-json\/wp\/v2\/users\/2"}],"replies":[{"embeddable":true,"href":"https:\/\/www.radiopresidenteibanez.cl\/web\/wp-json\/wp\/v2\/comments?post=13072"}],"version-history":[{"count":0,"href":"https:\/\/www.radiopresidenteibanez.cl\/web\/wp-json\/wp\/v2\/posts\/13072\/revisions"}],"wp:featuredmedia":[{"embeddable":true,"href":"https:\/\/www.radiopresidenteibanez.cl\/web\/wp-json\/wp\/v2\/media\/13073"}],"wp:attachment":[{"href":"https:\/\/www.radiopresidenteibanez.cl\/web\/wp-json\/wp\/v2\/media?parent=13072"}],"wp:term":[{"taxonomy":"category","embeddable":true,"href":"https:\/\/www.radiopresidenteibanez.cl\/web\/wp-json\/wp\/v2\/categories?post=13072"},{"taxonomy":"post_tag","embeddable":true,"href":"https:\/\/www.radiopresidenteibanez.cl\/web\/wp-json\/wp\/v2\/tags?post=13072"}],"curies":[{"name":"wp","href":"https:\/\/api.w.org\/{rel}","templated":true}]}}