{"id":13069,"date":"2020-07-01T14:55:59","date_gmt":"2020-07-01T14:55:59","guid":{"rendered":"https:\/\/www.radiopresidenteibanez.cl\/web\/?p=13069"},"modified":"2020-07-01T14:56:03","modified_gmt":"2020-07-01T14:56:03","slug":"importantes-avances-registra-el-desarrollo-de-proyectos-habitacionales-para-agrupaciones-indigenas-de-natales","status":"publish","type":"post","link":"https:\/\/www.radiopresidenteibanez.cl\/web\/importantes-avances-registra-el-desarrollo-de-proyectos-habitacionales-para-agrupaciones-indigenas-de-natales\/","title":{"rendered":"IMPORTANTES AVANCES REGISTRA EL DESARROLLO DE PROYECTOS HABITACIONALES PARA AGRUPACIONES IND\u00cdGENAS DE NATALES"},"content":{"rendered":"\n<p>De un total de 11 agrupaciones de vivienda inscritas en la comuna de Natales, que ya cuentan con una Entidad Patrocinante para desarrollar sus proyectos habitacionales y postular al Fondo Solidario de Elecci\u00f3n de Vivienda (FSEV) del Minvu, 6 corresponden a agrupaciones constituidas mayoritariamente por integrantes que cuentan con acreditaci\u00f3n ind\u00edgena.<\/p>\n\n\n\n<p>Las agrupaciones de car\u00e1cter ind\u00edgena y el total de socios de cada una de ellas son Aswal Lajep (21), Willi Ant\u00fc (54), Kaw\u00e9skar Keskial (84), Los Chumangos (28), Villa Valpara\u00edso 2(98) e Ilusi\u00f3n y Esperanza Natales (56). De estas agrupaciones, 3 est\u00e1n adscritas a la Entidad Patrocinante (EP) Paz Oyarz\u00fan, encontr\u00e1ndose en etapa de preparaci\u00f3n de su proyecto habitacional; Mientras que las restantes 3 agrupaciones, est\u00e1n siendo orientadas por el Departamento Provincial deL Serviu en \u00daltima Esperanza, en espera de que la EP Paz Oyarz\u00fan, pueda tomar su patrocinio.<\/p>\n\n\n\n<p>En cuanto al avance de los proyectos habitacionales para su postulaci\u00f3n al Fondo Solidario de Elecci\u00f3n de Vivienda, el&nbsp;<strong>director regional del Serviu, Dubalio P\u00e9rez Ruiz<\/strong>, inform\u00f3 que&nbsp;<strong>\u201cse encuentra en etapa de dise\u00f1o el proyecto Pueblos Originarios, donde tendr\u00e1n cabida las agrupaciones Kaw\u00e9skar keskial, Willi Ant\u00fc y Aswal Lajep, con cuyos integrantes se ha continuado revisando los aspectos involucrados pese a la situaci\u00f3n sanitaria\u201d.<\/strong><\/p>\n\n\n\n<p>Dicho proyecto, se ubicar\u00e1 en el sector nororiente de Puerto Natales, contiguo al terreno del actual Hospital Augusto Essmann Burgos de esa ciudad. El terreno denominado Lote MA-2, fue cedido gratuitamente al SERVIU por el Ministerio de Bienes Nacionales, justamente con el fin de priorizar su ocupaci\u00f3n en el desarrollo de soluciones habitacionales para grupos de vivienda con socios pertenecientes a pueblos originarios.<\/p>\n\n\n\n<p><strong>Dise\u00f1o participativo de \u00e1reas verdes<\/strong><\/p>\n\n\n\n<p>Junto con cumplir los pasos que establece el FSEV para el dise\u00f1o de los conjuntos habitacionales, se desarrollaron acciones espec\u00edficas enmarcadas en los objetivos de la Agenda de Inclusi\u00f3n Social del Minvu en materia de Pueblos Ind\u00edgenas, espec\u00edficamente en lo relativo a fomentar la participaci\u00f3n transversal en el dise\u00f1o y desarrollo de proyectos urbanos, barriales y habitacionales, incorporando las necesidades e intereses diferenciados de cada uno de los grupos prioritarios.<\/p>\n\n\n\n<p>Fue as\u00ed que en el mes de mayo y dadas las condiciones sanitarias, se aplic\u00f3 una encuesta de opini\u00f3n individual a los integrantes de las tres agrupaciones involucradas en este proyecto, respecto a los usos, implementaci\u00f3n y elementos de pertinencia ind\u00edgena a plasmar en las tres \u00e1reas verdes que tendr\u00e1 el conjunto habitacional.<\/p>\n\n\n\n<p>Los resultados de esta encuesta, elaborada de manera conjunta entre la Direcci\u00f3n Provincial del Serviu en \u00daltima Esperanza y la Entidad Patrocinante Paz Oyarz\u00fan, se consideraron en el dise\u00f1o de estos espacios por lo que se espera que favorezcan su uso tanto para el esparcimiento y descanso, as\u00ed como tambi\u00e9n para el encuentro en torno a actividades culturales relevantes para los pueblos ind\u00edgenas a los que pertenecen sus futuros integrantes de este barrio.<\/p>\n","protected":false},"excerpt":{"rendered":"<p>De un total de 11 agrupaciones de vivienda inscritas en la comuna de Natales, que ya cuentan con una Entidad Patrocinante para desarrollar sus proyectos habitacionales y postular al Fondo&#8230; <a class=\"read-more\" href=\"https:\/\/www.radiopresidenteibanez.cl\/web\/importantes-avances-registra-el-desarrollo-de-proyectos-habitacionales-para-agrupaciones-indigenas-de-natales\/\">Leer m\u00e1s<\/a><\/p>\n","protected":false},"author":2,"featured_media":13070,"comment_status":"closed","ping_status":"closed","sticky":false,"template":"","format":"standard","meta":{"footnotes":""},"categories":[1],"tags":[],"class_list":["post-13069","post","type-post","status-publish","format-standard","has-post-thumbnail","hentry","category-cronica"],"_links":{"self":[{"href":"https:\/\/www.radiopresidenteibanez.cl\/web\/wp-json\/wp\/v2\/posts\/13069","targetHints":{"allow":["GET"]}}],"collection":[{"href":"https:\/\/www.radiopresidenteibanez.cl\/web\/wp-json\/wp\/v2\/posts"}],"about":[{"href":"https:\/\/www.radiopresidenteibanez.cl\/web\/wp-json\/wp\/v2\/types\/post"}],"author":[{"embeddable":true,"href":"https:\/\/www.radiopresidenteibanez.cl\/web\/wp-json\/wp\/v2\/users\/2"}],"replies":[{"embeddable":true,"href":"https:\/\/www.radiopresidenteibanez.cl\/web\/wp-json\/wp\/v2\/comments?post=13069"}],"version-history":[{"count":0,"href":"https:\/\/www.radiopresidenteibanez.cl\/web\/wp-json\/wp\/v2\/posts\/13069\/revisions"}],"wp:featuredmedia":[{"embeddable":true,"href":"https:\/\/www.radiopresidenteibanez.cl\/web\/wp-json\/wp\/v2\/media\/13070"}],"wp:attachment":[{"href":"https:\/\/www.radiopresidenteibanez.cl\/web\/wp-json\/wp\/v2\/media?parent=13069"}],"wp:term":[{"taxonomy":"category","embeddable":true,"href":"https:\/\/www.radiopresidenteibanez.cl\/web\/wp-json\/wp\/v2\/categories?post=13069"},{"taxonomy":"post_tag","embeddable":true,"href":"https:\/\/www.radiopresidenteibanez.cl\/web\/wp-json\/wp\/v2\/tags?post=13069"}],"curies":[{"name":"wp","href":"https:\/\/api.w.org\/{rel}","templated":true}]}}