{"id":13062,"date":"2020-06-30T19:14:27","date_gmt":"2020-06-30T19:14:27","guid":{"rendered":"https:\/\/www.radiopresidenteibanez.cl\/web\/?p=13062"},"modified":"2020-06-30T19:14:31","modified_gmt":"2020-06-30T19:14:31","slug":"diputado-bianchi-solicita-al-ministro-de-desarrollo-social-cambiar-el-criterio-para-la-entrega-de-canastas-de-alimentos","status":"publish","type":"post","link":"https:\/\/www.radiopresidenteibanez.cl\/web\/diputado-bianchi-solicita-al-ministro-de-desarrollo-social-cambiar-el-criterio-para-la-entrega-de-canastas-de-alimentos\/","title":{"rendered":"DIPUTADO BIANCHI SOLICITA AL MINISTRO DE DESARROLLO SOCIAL CAMBIAR EL CRITERIO PARA LA ENTREGA DE CANASTAS DE ALIMENTOS"},"content":{"rendered":"\n<p>\u201cEn nuestra regi\u00f3n, la\nlog\u00edstica de la entrega de canastas no ha sido la esperada por la ciudadan\u00eda, ya\nque ha abarcado a un n\u00famero menor de personas necesitadas\u201d, menciona el\nparlamentario.<\/p>\n\n\n\n<p>Frente a esto, asegura que es \u201cde\nsuma urgencia\u201d que se cambie el criterio que est\u00e1 siendo utilizado para la entrega\nde canastas de alimentos, ya que es \u201cineficiente, genera poca cobertura y tiene\ncomo resultado un retraso que muchas veces causa m\u00e1s inconvenientes que beneficios\u201d.<\/p>\n\n\n\n<p>As\u00ed, mediante el oficio\npresentado, solicita al ministro Monckeberg informar un nuevo criterio, el cual\ncontenga la opini\u00f3n t\u00e9cnica de organizaciones sociales y juntas de vecinos que\nformen parte de las comunas de la regi\u00f3n de Magallanes, ya que son ellas las\nque en la pr\u00e1ctica han sido los actores principales en la entrega de este tipo\nde ayuda a la ciudadan\u00eda.<\/p>\n","protected":false},"excerpt":{"rendered":"<p>\u201cEn nuestra regi\u00f3n, la log\u00edstica de la entrega de canastas no ha sido la esperada por la ciudadan\u00eda, ya que ha abarcado a un n\u00famero menor de personas necesitadas\u201d, menciona&#8230; <a class=\"read-more\" href=\"https:\/\/www.radiopresidenteibanez.cl\/web\/diputado-bianchi-solicita-al-ministro-de-desarrollo-social-cambiar-el-criterio-para-la-entrega-de-canastas-de-alimentos\/\">Leer m\u00e1s<\/a><\/p>\n","protected":false},"author":2,"featured_media":5567,"comment_status":"closed","ping_status":"closed","sticky":false,"template":"","format":"standard","meta":{"footnotes":""},"categories":[1],"tags":[],"class_list":["post-13062","post","type-post","status-publish","format-standard","has-post-thumbnail","hentry","category-cronica"],"_links":{"self":[{"href":"https:\/\/www.radiopresidenteibanez.cl\/web\/wp-json\/wp\/v2\/posts\/13062","targetHints":{"allow":["GET"]}}],"collection":[{"href":"https:\/\/www.radiopresidenteibanez.cl\/web\/wp-json\/wp\/v2\/posts"}],"about":[{"href":"https:\/\/www.radiopresidenteibanez.cl\/web\/wp-json\/wp\/v2\/types\/post"}],"author":[{"embeddable":true,"href":"https:\/\/www.radiopresidenteibanez.cl\/web\/wp-json\/wp\/v2\/users\/2"}],"replies":[{"embeddable":true,"href":"https:\/\/www.radiopresidenteibanez.cl\/web\/wp-json\/wp\/v2\/comments?post=13062"}],"version-history":[{"count":0,"href":"https:\/\/www.radiopresidenteibanez.cl\/web\/wp-json\/wp\/v2\/posts\/13062\/revisions"}],"wp:featuredmedia":[{"embeddable":true,"href":"https:\/\/www.radiopresidenteibanez.cl\/web\/wp-json\/wp\/v2\/media\/5567"}],"wp:attachment":[{"href":"https:\/\/www.radiopresidenteibanez.cl\/web\/wp-json\/wp\/v2\/media?parent=13062"}],"wp:term":[{"taxonomy":"category","embeddable":true,"href":"https:\/\/www.radiopresidenteibanez.cl\/web\/wp-json\/wp\/v2\/categories?post=13062"},{"taxonomy":"post_tag","embeddable":true,"href":"https:\/\/www.radiopresidenteibanez.cl\/web\/wp-json\/wp\/v2\/tags?post=13062"}],"curies":[{"name":"wp","href":"https:\/\/api.w.org\/{rel}","templated":true}]}}