{"id":13060,"date":"2020-06-30T19:12:55","date_gmt":"2020-06-30T19:12:55","guid":{"rendered":"https:\/\/www.radiopresidenteibanez.cl\/web\/?p=13060"},"modified":"2020-06-30T19:13:01","modified_gmt":"2020-06-30T19:13:01","slug":"diputado-bianchi-solicita-disponer-del-fondo-de-desarrollo-regional-para-reactivar-e-ir-en-ayuda-del-sector-turistico-de-la-region","status":"publish","type":"post","link":"https:\/\/www.radiopresidenteibanez.cl\/web\/diputado-bianchi-solicita-disponer-del-fondo-de-desarrollo-regional-para-reactivar-e-ir-en-ayuda-del-sector-turistico-de-la-region\/","title":{"rendered":"DIPUTADO BIANCHI SOLICITA DISPONER DEL FONDO DE DESARROLLO REGIONAL PARA REACTIVAR E IR EN AYUDA DEL SECTOR TUR\u00cdSTICO DE LA REGI\u00d3N"},"content":{"rendered":"\n<p>\u201cLa pandemia, el cierre de\nfronteras, el establecimiento de cordones sanitarios y la restricci\u00f3n de la\nmovilidad en el pa\u00eds han sido un golpe devastador para el turismo, la cual es\nuna de las principales fuentes de trabajo de la regi\u00f3n\u201d, asegura el\nparlamentario.<\/p>\n\n\n\n<p>Nuestra regi\u00f3n cuenta con\natractivos tur\u00edsticos \u00fanicos en el mundo, los que cada a\u00f1o atraen a miles de viajeros\nque activan la econom\u00eda local y sirven de sustento a muchas pymes magall\u00e1nicas.<\/p>\n\n\n\n<p>\u201cTeniendo en consideraci\u00f3n la\nprecaria situaci\u00f3n econ\u00f3mica en la cual se encuentra esta industria, es que\nhago llegar mi preocupaci\u00f3n a este Consejo, haciendo eco de las m\u00faltiples\nfamilias que dependen de esta actividad\u201d, expuso el diputado independiente.<\/p>\n\n\n\n<p>De esta manera, solicita al\npresidente del Consejo Regional, considerar las herramientas que le entregan\nsus facultades y a trav\u00e9s de ellas disponer del Fondo de Desarrollo Regional\nlos dineros suficientes para reactivar, compensar e ir en ayuda del sector\ntur\u00edstico de la regi\u00f3n. <\/p>\n\n\n\n<p>En el documento tambi\u00e9n se\npide informar al Congreso, las medidas concretas que se llevar\u00e1n a cabo en el\ncorto plazo y que tengan relaci\u00f3n con el objetivo planteado.<\/p>\n","protected":false},"excerpt":{"rendered":"<p>\u201cLa pandemia, el cierre de fronteras, el establecimiento de cordones sanitarios y la restricci\u00f3n de la movilidad en el pa\u00eds han sido un golpe devastador para el turismo, la cual&#8230; <a class=\"read-more\" href=\"https:\/\/www.radiopresidenteibanez.cl\/web\/diputado-bianchi-solicita-disponer-del-fondo-de-desarrollo-regional-para-reactivar-e-ir-en-ayuda-del-sector-turistico-de-la-region\/\">Leer m\u00e1s<\/a><\/p>\n","protected":false},"author":2,"featured_media":5567,"comment_status":"closed","ping_status":"closed","sticky":false,"template":"","format":"standard","meta":{"footnotes":""},"categories":[1],"tags":[],"class_list":["post-13060","post","type-post","status-publish","format-standard","has-post-thumbnail","hentry","category-cronica"],"_links":{"self":[{"href":"https:\/\/www.radiopresidenteibanez.cl\/web\/wp-json\/wp\/v2\/posts\/13060","targetHints":{"allow":["GET"]}}],"collection":[{"href":"https:\/\/www.radiopresidenteibanez.cl\/web\/wp-json\/wp\/v2\/posts"}],"about":[{"href":"https:\/\/www.radiopresidenteibanez.cl\/web\/wp-json\/wp\/v2\/types\/post"}],"author":[{"embeddable":true,"href":"https:\/\/www.radiopresidenteibanez.cl\/web\/wp-json\/wp\/v2\/users\/2"}],"replies":[{"embeddable":true,"href":"https:\/\/www.radiopresidenteibanez.cl\/web\/wp-json\/wp\/v2\/comments?post=13060"}],"version-history":[{"count":0,"href":"https:\/\/www.radiopresidenteibanez.cl\/web\/wp-json\/wp\/v2\/posts\/13060\/revisions"}],"wp:featuredmedia":[{"embeddable":true,"href":"https:\/\/www.radiopresidenteibanez.cl\/web\/wp-json\/wp\/v2\/media\/5567"}],"wp:attachment":[{"href":"https:\/\/www.radiopresidenteibanez.cl\/web\/wp-json\/wp\/v2\/media?parent=13060"}],"wp:term":[{"taxonomy":"category","embeddable":true,"href":"https:\/\/www.radiopresidenteibanez.cl\/web\/wp-json\/wp\/v2\/categories?post=13060"},{"taxonomy":"post_tag","embeddable":true,"href":"https:\/\/www.radiopresidenteibanez.cl\/web\/wp-json\/wp\/v2\/tags?post=13060"}],"curies":[{"name":"wp","href":"https:\/\/api.w.org\/{rel}","templated":true}]}}