{"id":1306,"date":"2019-02-10T18:35:07","date_gmt":"2019-02-10T18:35:07","guid":{"rendered":"http:\/\/www.radiopresidenteibanez.cl\/web\/?p=1306"},"modified":"2019-02-10T18:35:19","modified_gmt":"2019-02-10T18:35:19","slug":"conductor-en-estado-de-ebriedad-volco-en-una-de-las-esquinas-de-la-plaza-de-armas","status":"publish","type":"post","link":"https:\/\/www.radiopresidenteibanez.cl\/web\/conductor-en-estado-de-ebriedad-volco-en-una-de-las-esquinas-de-la-plaza-de-armas\/","title":{"rendered":"CONDUCTOR EN ESTADO DE EBRIEDAD VOLC\u00d3 EN UNA DE LAS ESQUINAS DE LA PLAZA DE ARMAS"},"content":{"rendered":"\n<p>En horas de la madrugada, en la esquina de Plaza de Armas con Fagnano (frente al municipio de Punta Arenas) un conductor en estado de ebriedad volc\u00f3 su autom\u00f3vil, dejando solo da\u00f1os materiales, hasta el lugar concurrieron personal de Carabineros quienes tomaron el procedimiento de rigor.<\/p>\n\n\n\n<p>Imagen redes sociales<\/p>\n","protected":false},"excerpt":{"rendered":"<p>En horas de la madrugada, en la esquina de Plaza de Armas con Fagnano (frente al municipio de Punta Arenas) un conductor en estado de ebriedad volc\u00f3 su autom\u00f3vil, dejando&#8230; <a class=\"read-more\" href=\"https:\/\/www.radiopresidenteibanez.cl\/web\/conductor-en-estado-de-ebriedad-volco-en-una-de-las-esquinas-de-la-plaza-de-armas\/\">Leer m\u00e1s<\/a><\/p>\n","protected":false},"author":2,"featured_media":1307,"comment_status":"closed","ping_status":"closed","sticky":false,"template":"","format":"standard","meta":{"footnotes":""},"categories":[1],"tags":[],"class_list":["post-1306","post","type-post","status-publish","format-standard","has-post-thumbnail","hentry","category-cronica"],"_links":{"self":[{"href":"https:\/\/www.radiopresidenteibanez.cl\/web\/wp-json\/wp\/v2\/posts\/1306","targetHints":{"allow":["GET"]}}],"collection":[{"href":"https:\/\/www.radiopresidenteibanez.cl\/web\/wp-json\/wp\/v2\/posts"}],"about":[{"href":"https:\/\/www.radiopresidenteibanez.cl\/web\/wp-json\/wp\/v2\/types\/post"}],"author":[{"embeddable":true,"href":"https:\/\/www.radiopresidenteibanez.cl\/web\/wp-json\/wp\/v2\/users\/2"}],"replies":[{"embeddable":true,"href":"https:\/\/www.radiopresidenteibanez.cl\/web\/wp-json\/wp\/v2\/comments?post=1306"}],"version-history":[{"count":0,"href":"https:\/\/www.radiopresidenteibanez.cl\/web\/wp-json\/wp\/v2\/posts\/1306\/revisions"}],"wp:featuredmedia":[{"embeddable":true,"href":"https:\/\/www.radiopresidenteibanez.cl\/web\/wp-json\/wp\/v2\/media\/1307"}],"wp:attachment":[{"href":"https:\/\/www.radiopresidenteibanez.cl\/web\/wp-json\/wp\/v2\/media?parent=1306"}],"wp:term":[{"taxonomy":"category","embeddable":true,"href":"https:\/\/www.radiopresidenteibanez.cl\/web\/wp-json\/wp\/v2\/categories?post=1306"},{"taxonomy":"post_tag","embeddable":true,"href":"https:\/\/www.radiopresidenteibanez.cl\/web\/wp-json\/wp\/v2\/tags?post=1306"}],"curies":[{"name":"wp","href":"https:\/\/api.w.org\/{rel}","templated":true}]}}