{"id":13056,"date":"2020-06-30T14:20:23","date_gmt":"2020-06-30T14:20:23","guid":{"rendered":"https:\/\/www.radiopresidenteibanez.cl\/web\/?p=13056"},"modified":"2020-06-30T14:20:27","modified_gmt":"2020-06-30T14:20:27","slug":"vemos-poco-viable-que-comiencen-las-clases-antes-de-septiembre-expreso-pedro-pablo-ramos-presidente-de-los-asistentes-de-la-educacion","status":"publish","type":"post","link":"https:\/\/www.radiopresidenteibanez.cl\/web\/vemos-poco-viable-que-comiencen-las-clases-antes-de-septiembre-expreso-pedro-pablo-ramos-presidente-de-los-asistentes-de-la-educacion\/","title":{"rendered":"\u201cVEMOS POCO VIABLE QUE COMIENCEN LAS CLASES ANTES DE SEPTIEMBRE\u201d EXPRES\u00d3 PEDRO PABLO RAMOS PRESIDENTE DE LOS ASISTENTES DE LA EDUCACI\u00d3N"},"content":{"rendered":"\n<p>En conversaci\u00f3n con el programa \u201cAvenida 88.5\u201d conducido por\nCristofer Hern\u00e1ndez, el presidente de los Asistentes de la Educaci\u00f3n, Pedro\nPablo Ramos, se refiri\u00f3 a la nueva mesa negociadora que llevar\u00e1n adelante con\nlas autoridades.<\/p>\n\n\n\n<p>As\u00ed tambi\u00e9n, al ser consultado sobre la posibilidad de volver\na clases antes del mes de septiembre \u201cveo poco viable que comiencen las clases\nantes de ese mes, ni siquiera dentro de este a\u00f1o, es m\u00e1s ser\u00eda preferible perder\nel a\u00f1o antes perder una vida\u201d, puntualiz\u00f3 Ramos.<\/p>\n\n\n\n<p>Finalmente, coment\u00f3 que \u201chago un llamado a nuestros asociados que sobre todos son mayor de edad a quedarse en casa y no ir a trabajar por quedar bien con los directores\u201d.<\/p>\n\n\n\n<p><\/p>\n\n\n\n<p>CHH.<\/p>\n","protected":false},"excerpt":{"rendered":"<p>En conversaci\u00f3n con el programa \u201cAvenida 88.5\u201d conducido por Cristofer Hern\u00e1ndez, el presidente de los Asistentes de la Educaci\u00f3n, Pedro Pablo Ramos, se refiri\u00f3 a la nueva mesa negociadora que&#8230; <a class=\"read-more\" href=\"https:\/\/www.radiopresidenteibanez.cl\/web\/vemos-poco-viable-que-comiencen-las-clases-antes-de-septiembre-expreso-pedro-pablo-ramos-presidente-de-los-asistentes-de-la-educacion\/\">Leer m\u00e1s<\/a><\/p>\n","protected":false},"author":2,"featured_media":13057,"comment_status":"closed","ping_status":"closed","sticky":false,"template":"","format":"standard","meta":{"footnotes":""},"categories":[1],"tags":[],"class_list":["post-13056","post","type-post","status-publish","format-standard","has-post-thumbnail","hentry","category-cronica"],"_links":{"self":[{"href":"https:\/\/www.radiopresidenteibanez.cl\/web\/wp-json\/wp\/v2\/posts\/13056","targetHints":{"allow":["GET"]}}],"collection":[{"href":"https:\/\/www.radiopresidenteibanez.cl\/web\/wp-json\/wp\/v2\/posts"}],"about":[{"href":"https:\/\/www.radiopresidenteibanez.cl\/web\/wp-json\/wp\/v2\/types\/post"}],"author":[{"embeddable":true,"href":"https:\/\/www.radiopresidenteibanez.cl\/web\/wp-json\/wp\/v2\/users\/2"}],"replies":[{"embeddable":true,"href":"https:\/\/www.radiopresidenteibanez.cl\/web\/wp-json\/wp\/v2\/comments?post=13056"}],"version-history":[{"count":0,"href":"https:\/\/www.radiopresidenteibanez.cl\/web\/wp-json\/wp\/v2\/posts\/13056\/revisions"}],"wp:featuredmedia":[{"embeddable":true,"href":"https:\/\/www.radiopresidenteibanez.cl\/web\/wp-json\/wp\/v2\/media\/13057"}],"wp:attachment":[{"href":"https:\/\/www.radiopresidenteibanez.cl\/web\/wp-json\/wp\/v2\/media?parent=13056"}],"wp:term":[{"taxonomy":"category","embeddable":true,"href":"https:\/\/www.radiopresidenteibanez.cl\/web\/wp-json\/wp\/v2\/categories?post=13056"},{"taxonomy":"post_tag","embeddable":true,"href":"https:\/\/www.radiopresidenteibanez.cl\/web\/wp-json\/wp\/v2\/tags?post=13056"}],"curies":[{"name":"wp","href":"https:\/\/api.w.org\/{rel}","templated":true}]}}