{"id":13053,"date":"2020-06-30T14:04:20","date_gmt":"2020-06-30T14:04:20","guid":{"rendered":"https:\/\/www.radiopresidenteibanez.cl\/web\/?p=13053"},"modified":"2020-06-30T14:04:24","modified_gmt":"2020-06-30T14:04:24","slug":"transportistas-escolares-se-suman-al-trabajo-del-area-de-salud-municipal","status":"publish","type":"post","link":"https:\/\/www.radiopresidenteibanez.cl\/web\/transportistas-escolares-se-suman-al-trabajo-del-area-de-salud-municipal\/","title":{"rendered":"TRANSPORTISTAS ESCOLARES SE SUMAN AL TRABAJO DEL \u00c1REA DE SALUD MUNICIPAL"},"content":{"rendered":"\n<p>Desde el mes de julio, y luego de varias reuniones para cerrar el convenio entre ambas partes, el alcalde Claudio Radonich anunci\u00f3 el trabajo colaborativo que sostendr\u00e1n el \u00e1rea de Salud Municipal con las cuatro Asociaciones Gremiales de Transportistas Escolares de Punta Arenas.<\/p>\n\n\n\n<p>\u201cLlegamos a un acuerdo con las cuatro asociaciones gremiales de transportistas escolares de nuestra ciudad, as\u00ed que desde el mes de julio, prestar\u00e1n servicios para los distintos Centros de Salud Familiar de nuestra comuna, lo que incluye por ejemplo, concretar visitas junto a los profesionales a los hogares de nuestros pacientes mayores, con el fin de potenciar el seguimiento a quienes forman parte de la Red de Atenci\u00f3n Primaria\u201d, explic\u00f3 Radonich.<\/p>\n\n\n\n<p>Asimismo, la autoridad comunal agreg\u00f3 que \u201ccon la voluntad de extender nuestras coberturas y dentro de la planificaci\u00f3n establecida en medio de la emergencia, pediremos un aumento de fondos por parte de la Municipalidad para poder colaborar tanto con nuestros vecinos m\u00e1s grandes, como con los transportistas escolares de la comuna\u201d.<\/p>\n\n\n\n<p>En tanto, la jefa del \u00c1rea de Salud de la Cormupa, Rosa Bidart, argument\u00f3 que \u201ceste acuerdo, nos permitir\u00e1 contar con una mayor flota de veh\u00edculos para nuestros CESFAM, los que realizar\u00e1n visitas programadas, entrega de medicamentos, entre otras tareas\u201d.<\/p>\n\n\n\n<p>Finalmente las autoridades municipales, agradecieron a todos por la buena disposici\u00f3n, a\u00f1adiendo que esto es parte tambi\u00e9n, de un plan de ayuda para ellos (Transportistas), quienes se han visto afectados igualmente, por la suspensi\u00f3n de clases y la contingencia sanitaria. \u201cSon momentos dif\u00edciles para todos y asimismo, continuamos trabajando desde \u00c1rea Salud por el bienestar de nuestros vecinos\u201d, dijo el Alcalde.<\/p>\n","protected":false},"excerpt":{"rendered":"<p>Desde el mes de julio, y luego de varias reuniones para cerrar el convenio entre ambas partes, el alcalde Claudio Radonich anunci\u00f3 el trabajo colaborativo que sostendr\u00e1n el \u00e1rea de&#8230; <a class=\"read-more\" href=\"https:\/\/www.radiopresidenteibanez.cl\/web\/transportistas-escolares-se-suman-al-trabajo-del-area-de-salud-municipal\/\">Leer m\u00e1s<\/a><\/p>\n","protected":false},"author":2,"featured_media":13054,"comment_status":"closed","ping_status":"closed","sticky":false,"template":"","format":"standard","meta":{"footnotes":""},"categories":[1],"tags":[],"class_list":["post-13053","post","type-post","status-publish","format-standard","has-post-thumbnail","hentry","category-cronica"],"_links":{"self":[{"href":"https:\/\/www.radiopresidenteibanez.cl\/web\/wp-json\/wp\/v2\/posts\/13053","targetHints":{"allow":["GET"]}}],"collection":[{"href":"https:\/\/www.radiopresidenteibanez.cl\/web\/wp-json\/wp\/v2\/posts"}],"about":[{"href":"https:\/\/www.radiopresidenteibanez.cl\/web\/wp-json\/wp\/v2\/types\/post"}],"author":[{"embeddable":true,"href":"https:\/\/www.radiopresidenteibanez.cl\/web\/wp-json\/wp\/v2\/users\/2"}],"replies":[{"embeddable":true,"href":"https:\/\/www.radiopresidenteibanez.cl\/web\/wp-json\/wp\/v2\/comments?post=13053"}],"version-history":[{"count":0,"href":"https:\/\/www.radiopresidenteibanez.cl\/web\/wp-json\/wp\/v2\/posts\/13053\/revisions"}],"wp:featuredmedia":[{"embeddable":true,"href":"https:\/\/www.radiopresidenteibanez.cl\/web\/wp-json\/wp\/v2\/media\/13054"}],"wp:attachment":[{"href":"https:\/\/www.radiopresidenteibanez.cl\/web\/wp-json\/wp\/v2\/media?parent=13053"}],"wp:term":[{"taxonomy":"category","embeddable":true,"href":"https:\/\/www.radiopresidenteibanez.cl\/web\/wp-json\/wp\/v2\/categories?post=13053"},{"taxonomy":"post_tag","embeddable":true,"href":"https:\/\/www.radiopresidenteibanez.cl\/web\/wp-json\/wp\/v2\/tags?post=13053"}],"curies":[{"name":"wp","href":"https:\/\/api.w.org\/{rel}","templated":true}]}}