{"id":13050,"date":"2020-06-29T15:43:20","date_gmt":"2020-06-29T15:43:20","guid":{"rendered":"https:\/\/www.radiopresidenteibanez.cl\/web\/?p=13050"},"modified":"2020-06-29T15:43:24","modified_gmt":"2020-06-29T15:43:24","slug":"6-trabajadores-de-corcoran-han-sido-notificados-por-covid-19","status":"publish","type":"post","link":"https:\/\/www.radiopresidenteibanez.cl\/web\/6-trabajadores-de-corcoran-han-sido-notificados-por-covid-19\/","title":{"rendered":"6 TRABAJADORES DE CORCORAN HAN SIDO NOTIFICADOS POR COVID-19"},"content":{"rendered":"\n<p>Ayer domingo, 28 de junio, la autoridad sanitaria de Magallanes,\nreport\u00f3 12 nuevos casos de Covid-19 en la regi\u00f3n, llegando a un total de 1.435\ncasos, siendo la tasa acumulada de casos de 805 personas por 100 mil habitantes,\nmientras que en la ocasi\u00f3n el jefe (s) de\nDepartamento de Acci\u00f3n Sanitaria de la seremi de Salud de Magallanes, Eduardo\nCastillo, coment\u00f3 que en dependencias del Hospital Cl\u00ednico se registran 9\npacientes, 7 en aislamiento y 2 en la Unidad de Pacientes Cr\u00edticos, ambos con\nsoporte respiratorio.<\/p>\n\n\n\n<p>En la ocasi\u00f3n, tambi\u00e9n se\ndio a conocer que otras 3 personas que trabajan al interior de Corcoran dieron\npositivo a Coronavirus Covid-19, aumentando a 6 los casos detectados en esta\nempresa.<\/p>\n\n\n\n<p>A lo anterior, se suma los contactos directos que se est\u00e1 a la espera de su evaluaci\u00f3n para realizar el respectivo PCR en caso de tener algunos s\u00edntomas.<\/p>\n\n\n\n<p><\/p>\n\n\n\n<p>CHH.<\/p>\n","protected":false},"excerpt":{"rendered":"<p>Ayer domingo, 28 de junio, la autoridad sanitaria de Magallanes, report\u00f3 12 nuevos casos de Covid-19 en la regi\u00f3n, llegando a un total de 1.435 casos, siendo la tasa acumulada&#8230; <a class=\"read-more\" href=\"https:\/\/www.radiopresidenteibanez.cl\/web\/6-trabajadores-de-corcoran-han-sido-notificados-por-covid-19\/\">Leer m\u00e1s<\/a><\/p>\n","protected":false},"author":2,"featured_media":740,"comment_status":"closed","ping_status":"closed","sticky":false,"template":"","format":"standard","meta":{"footnotes":""},"categories":[1],"tags":[],"class_list":["post-13050","post","type-post","status-publish","format-standard","has-post-thumbnail","hentry","category-cronica"],"_links":{"self":[{"href":"https:\/\/www.radiopresidenteibanez.cl\/web\/wp-json\/wp\/v2\/posts\/13050","targetHints":{"allow":["GET"]}}],"collection":[{"href":"https:\/\/www.radiopresidenteibanez.cl\/web\/wp-json\/wp\/v2\/posts"}],"about":[{"href":"https:\/\/www.radiopresidenteibanez.cl\/web\/wp-json\/wp\/v2\/types\/post"}],"author":[{"embeddable":true,"href":"https:\/\/www.radiopresidenteibanez.cl\/web\/wp-json\/wp\/v2\/users\/2"}],"replies":[{"embeddable":true,"href":"https:\/\/www.radiopresidenteibanez.cl\/web\/wp-json\/wp\/v2\/comments?post=13050"}],"version-history":[{"count":0,"href":"https:\/\/www.radiopresidenteibanez.cl\/web\/wp-json\/wp\/v2\/posts\/13050\/revisions"}],"wp:featuredmedia":[{"embeddable":true,"href":"https:\/\/www.radiopresidenteibanez.cl\/web\/wp-json\/wp\/v2\/media\/740"}],"wp:attachment":[{"href":"https:\/\/www.radiopresidenteibanez.cl\/web\/wp-json\/wp\/v2\/media?parent=13050"}],"wp:term":[{"taxonomy":"category","embeddable":true,"href":"https:\/\/www.radiopresidenteibanez.cl\/web\/wp-json\/wp\/v2\/categories?post=13050"},{"taxonomy":"post_tag","embeddable":true,"href":"https:\/\/www.radiopresidenteibanez.cl\/web\/wp-json\/wp\/v2\/tags?post=13050"}],"curies":[{"name":"wp","href":"https:\/\/api.w.org\/{rel}","templated":true}]}}