{"id":13040,"date":"2020-06-29T15:26:53","date_gmt":"2020-06-29T15:26:53","guid":{"rendered":"https:\/\/www.radiopresidenteibanez.cl\/web\/?p=13040"},"modified":"2020-06-29T15:26:57","modified_gmt":"2020-06-29T15:26:57","slug":"concejal-aguilante-pide-crear-permiso-especial-con-goce-de-sueldo-a-funcionarias-municipales-como-pre-y-post-natal-de-emergencia","status":"publish","type":"post","link":"https:\/\/www.radiopresidenteibanez.cl\/web\/concejal-aguilante-pide-crear-permiso-especial-con-goce-de-sueldo-a-funcionarias-municipales-como-pre-y-post-natal-de-emergencia\/","title":{"rendered":"CONCEJAL AGUILANTE PIDE CREAR PERMISO ESPECIAL CON GOCE DE SUELDO A FUNCIONARIAS MUNICIPALES COMO PRE Y POST NATAL DE EMERGENCIA"},"content":{"rendered":"\n<p>\u201cEsta\nes la oportunidad que nuestro municipio demuestre su compromiso real con los\nderechos de las mujeres, ni\u00f1as y ni\u00f1os, basados en las herramientas legales que\nla ley Org\u00e1nica de Municipalidades permite y claramente son posibles de\naplicar.\u201d<\/p>\n\n\n\n<p>\u201cConcretamente\nlo que solicito es que como Concejo Municipal, junto al alcalde, podamos\naprobar y decretar un permiso especial, con goce de sueldo a las mujeres que\nson funcionarias del municipio y que se encuentren con licencia pre o post\nnatal o que eventualmente est\u00e9n pr\u00f3ximas a tenerlo\u201d-afirmo el concejal Jos\u00e9\nAguilante-<\/p>\n\n\n\n<p>Tambi\u00e9n\nsolicit\u00f3 analizar la posibilidad de hacer extensivo este beneficio a las\nfuncionarias que est\u00e9n en periodo de embarazo y que son parte de la Corporaci\u00f3n\nde Educaci\u00f3n, Salud y Atenci\u00f3n al Menor dependientes del municipio.<\/p>\n\n\n\n<p>Aguilante\nagreg\u00f3 que permitir este permiso favorecer\u00eda completar el l\u00edmite legal que hoy\nse est\u00e1 reclamando en el pa\u00eds, y que estar\u00e1 vigente mientras dure la emergencia\nsanitaria producida por el Covud-19 que representa un serio peligro para la\nsalud y el bienestar de las trabajadoras y sus hijas e hijos.<\/p>\n\n\n\n<p>El\nconcejal inform\u00f3 que si nuestro municipio se compromete a asumir esta\niniciativa favoreciendo el permiso con goce de sueldo estar\u00e1 dando una se\u00f1al\npotente de respeto a la dignidad de los derechos a la salud sexual y\nreproductiva de las mujeres.<\/p>\n\n\n\n<p>Finalmente\nel concejal lament\u00f3 que algunos senadores en el Congreso no hayan legislado en\nfavor de las mujeres embarazadas en un momento tan cr\u00edtico como el que vivimos.\n<\/p>\n\n\n\n<p>El\nconcejal record\u00f3 que esta moci\u00f3n de post-natal de emergencia fue aprobada en la\nC\u00e1mara, pero despu\u00e9s fue rechazada en el Senado fundando el debate en la\nadmisibilidad constitucional del proyecto.<\/p>\n\n\n\n<p>\u201cPor\nello es fundamental dar esta se\u00f1al en favor de las mujeres, hijos a hijas,\ndesde nuestro municipio para que ojal\u00e1 sea replicada por otras instituciones\u201d.<\/p>\n","protected":false},"excerpt":{"rendered":"<p>\u201cEsta es la oportunidad que nuestro municipio demuestre su compromiso real con los derechos de las mujeres, ni\u00f1as y ni\u00f1os, basados en las herramientas legales que la ley Org\u00e1nica de&#8230; <a class=\"read-more\" href=\"https:\/\/www.radiopresidenteibanez.cl\/web\/concejal-aguilante-pide-crear-permiso-especial-con-goce-de-sueldo-a-funcionarias-municipales-como-pre-y-post-natal-de-emergencia\/\">Leer m\u00e1s<\/a><\/p>\n","protected":false},"author":2,"featured_media":13041,"comment_status":"closed","ping_status":"closed","sticky":false,"template":"","format":"standard","meta":{"footnotes":""},"categories":[1],"tags":[],"class_list":["post-13040","post","type-post","status-publish","format-standard","has-post-thumbnail","hentry","category-cronica"],"_links":{"self":[{"href":"https:\/\/www.radiopresidenteibanez.cl\/web\/wp-json\/wp\/v2\/posts\/13040","targetHints":{"allow":["GET"]}}],"collection":[{"href":"https:\/\/www.radiopresidenteibanez.cl\/web\/wp-json\/wp\/v2\/posts"}],"about":[{"href":"https:\/\/www.radiopresidenteibanez.cl\/web\/wp-json\/wp\/v2\/types\/post"}],"author":[{"embeddable":true,"href":"https:\/\/www.radiopresidenteibanez.cl\/web\/wp-json\/wp\/v2\/users\/2"}],"replies":[{"embeddable":true,"href":"https:\/\/www.radiopresidenteibanez.cl\/web\/wp-json\/wp\/v2\/comments?post=13040"}],"version-history":[{"count":0,"href":"https:\/\/www.radiopresidenteibanez.cl\/web\/wp-json\/wp\/v2\/posts\/13040\/revisions"}],"wp:featuredmedia":[{"embeddable":true,"href":"https:\/\/www.radiopresidenteibanez.cl\/web\/wp-json\/wp\/v2\/media\/13041"}],"wp:attachment":[{"href":"https:\/\/www.radiopresidenteibanez.cl\/web\/wp-json\/wp\/v2\/media?parent=13040"}],"wp:term":[{"taxonomy":"category","embeddable":true,"href":"https:\/\/www.radiopresidenteibanez.cl\/web\/wp-json\/wp\/v2\/categories?post=13040"},{"taxonomy":"post_tag","embeddable":true,"href":"https:\/\/www.radiopresidenteibanez.cl\/web\/wp-json\/wp\/v2\/tags?post=13040"}],"curies":[{"name":"wp","href":"https:\/\/api.w.org\/{rel}","templated":true}]}}