{"id":13031,"date":"2020-06-28T18:35:17","date_gmt":"2020-06-28T18:35:17","guid":{"rendered":"https:\/\/www.radiopresidenteibanez.cl\/web\/?p=13031"},"modified":"2020-06-28T18:35:21","modified_gmt":"2020-06-28T18:35:21","slug":"12-nuevos-casos-de-covid-19-se-notificaron-en-magallanes","status":"publish","type":"post","link":"https:\/\/www.radiopresidenteibanez.cl\/web\/12-nuevos-casos-de-covid-19-se-notificaron-en-magallanes\/","title":{"rendered":"12 NUEVOS CASOS DE COVID-19 SE NOTIFICARON EN MAGALLANES"},"content":{"rendered":"\n<p>La autoridad sanitaria dio a conocer las cifras de Covid-19 en el pa\u00eds, as\u00ed tambi\u00e9n a nivel regional, en donde Magallanes registr\u00f3 12 casos positivos en las \u00faltimas 24 horas, mientras que la cifra de decesos sigue en 15.<\/p>\n","protected":false},"excerpt":{"rendered":"<p>La autoridad sanitaria dio a conocer las cifras de Covid-19 en el pa\u00eds, as\u00ed tambi\u00e9n a nivel regional, en donde Magallanes registr\u00f3 12 casos positivos en las \u00faltimas 24 horas,&#8230; <a class=\"read-more\" href=\"https:\/\/www.radiopresidenteibanez.cl\/web\/12-nuevos-casos-de-covid-19-se-notificaron-en-magallanes\/\">Leer m\u00e1s<\/a><\/p>\n","protected":false},"author":2,"featured_media":10325,"comment_status":"closed","ping_status":"closed","sticky":false,"template":"","format":"standard","meta":{"footnotes":""},"categories":[1],"tags":[],"class_list":["post-13031","post","type-post","status-publish","format-standard","has-post-thumbnail","hentry","category-cronica"],"_links":{"self":[{"href":"https:\/\/www.radiopresidenteibanez.cl\/web\/wp-json\/wp\/v2\/posts\/13031","targetHints":{"allow":["GET"]}}],"collection":[{"href":"https:\/\/www.radiopresidenteibanez.cl\/web\/wp-json\/wp\/v2\/posts"}],"about":[{"href":"https:\/\/www.radiopresidenteibanez.cl\/web\/wp-json\/wp\/v2\/types\/post"}],"author":[{"embeddable":true,"href":"https:\/\/www.radiopresidenteibanez.cl\/web\/wp-json\/wp\/v2\/users\/2"}],"replies":[{"embeddable":true,"href":"https:\/\/www.radiopresidenteibanez.cl\/web\/wp-json\/wp\/v2\/comments?post=13031"}],"version-history":[{"count":0,"href":"https:\/\/www.radiopresidenteibanez.cl\/web\/wp-json\/wp\/v2\/posts\/13031\/revisions"}],"wp:featuredmedia":[{"embeddable":true,"href":"https:\/\/www.radiopresidenteibanez.cl\/web\/wp-json\/wp\/v2\/media\/10325"}],"wp:attachment":[{"href":"https:\/\/www.radiopresidenteibanez.cl\/web\/wp-json\/wp\/v2\/media?parent=13031"}],"wp:term":[{"taxonomy":"category","embeddable":true,"href":"https:\/\/www.radiopresidenteibanez.cl\/web\/wp-json\/wp\/v2\/categories?post=13031"},{"taxonomy":"post_tag","embeddable":true,"href":"https:\/\/www.radiopresidenteibanez.cl\/web\/wp-json\/wp\/v2\/tags?post=13031"}],"curies":[{"name":"wp","href":"https:\/\/api.w.org\/{rel}","templated":true}]}}