{"id":13028,"date":"2020-06-28T18:33:07","date_gmt":"2020-06-28T18:33:07","guid":{"rendered":"https:\/\/www.radiopresidenteibanez.cl\/web\/?p=13028"},"modified":"2020-06-28T18:33:11","modified_gmt":"2020-06-28T18:33:11","slug":"nuevamente-la-solidaridad-del-magallanico-se-vio-reflejada-en-la-primera-gran-cadena-radial-solidaria","status":"publish","type":"post","link":"https:\/\/www.radiopresidenteibanez.cl\/web\/nuevamente-la-solidaridad-del-magallanico-se-vio-reflejada-en-la-primera-gran-cadena-radial-solidaria\/","title":{"rendered":"NUEVAMENTE LA SOLIDARIDAD DEL MAGALL\u00c1NICO SE VIO REFLEJADA EN LA PRIMERA \u201cGRAN CADENA RADIAL SOLIDARIA\u201d"},"content":{"rendered":"\n<p>Ayer s\u00e1bado,\n27 de junio, se realiz\u00f3 \u201cLa Gran Cadena Radial Solidaria\u201d, en Punta Arenas, en\nla ocasi\u00f3n se logr\u00f3 reunir bajo el eslogan \u201cJuntos Saldremos Adelante\u201d m\u00e1s de\n200 canastas que ser\u00e1n distribuidas por el grupo de voluntarios pertenecientes\na AREVOL, en la oportunidad participaron las voces que lo acompa\u00f1an d\u00eda a d\u00eda\nen distintos lugares, de las emisoras, Radio Presidente Ib\u00e1\u00f1ez, Magallanes,\nPolar, My Radio, Constelaci\u00f3n, Soberan\u00eda, Ant\u00e1rtica FM, Calafate Tv, Magallanes\nConectados y Miralop.<\/p>\n\n\n\n<p>Agradecemos a cada una de las personas que fueron parte de esta gran campa\u00f1a y a las y los voluntarios de las distintas asociaciones y agrupaciones.<\/p>\n\n\n\n<p><\/p>\n\n\n\n<p>CHH.<\/p>\n","protected":false},"excerpt":{"rendered":"<p>Ayer s\u00e1bado, 27 de junio, se realiz\u00f3 \u201cLa Gran Cadena Radial Solidaria\u201d, en Punta Arenas, en la ocasi\u00f3n se logr\u00f3 reunir bajo el eslogan \u201cJuntos Saldremos Adelante\u201d m\u00e1s de 200&#8230; <a class=\"read-more\" href=\"https:\/\/www.radiopresidenteibanez.cl\/web\/nuevamente-la-solidaridad-del-magallanico-se-vio-reflejada-en-la-primera-gran-cadena-radial-solidaria\/\">Leer m\u00e1s<\/a><\/p>\n","protected":false},"author":2,"featured_media":13029,"comment_status":"closed","ping_status":"closed","sticky":false,"template":"","format":"standard","meta":{"footnotes":""},"categories":[1],"tags":[],"class_list":["post-13028","post","type-post","status-publish","format-standard","has-post-thumbnail","hentry","category-cronica"],"_links":{"self":[{"href":"https:\/\/www.radiopresidenteibanez.cl\/web\/wp-json\/wp\/v2\/posts\/13028","targetHints":{"allow":["GET"]}}],"collection":[{"href":"https:\/\/www.radiopresidenteibanez.cl\/web\/wp-json\/wp\/v2\/posts"}],"about":[{"href":"https:\/\/www.radiopresidenteibanez.cl\/web\/wp-json\/wp\/v2\/types\/post"}],"author":[{"embeddable":true,"href":"https:\/\/www.radiopresidenteibanez.cl\/web\/wp-json\/wp\/v2\/users\/2"}],"replies":[{"embeddable":true,"href":"https:\/\/www.radiopresidenteibanez.cl\/web\/wp-json\/wp\/v2\/comments?post=13028"}],"version-history":[{"count":0,"href":"https:\/\/www.radiopresidenteibanez.cl\/web\/wp-json\/wp\/v2\/posts\/13028\/revisions"}],"wp:featuredmedia":[{"embeddable":true,"href":"https:\/\/www.radiopresidenteibanez.cl\/web\/wp-json\/wp\/v2\/media\/13029"}],"wp:attachment":[{"href":"https:\/\/www.radiopresidenteibanez.cl\/web\/wp-json\/wp\/v2\/media?parent=13028"}],"wp:term":[{"taxonomy":"category","embeddable":true,"href":"https:\/\/www.radiopresidenteibanez.cl\/web\/wp-json\/wp\/v2\/categories?post=13028"},{"taxonomy":"post_tag","embeddable":true,"href":"https:\/\/www.radiopresidenteibanez.cl\/web\/wp-json\/wp\/v2\/tags?post=13028"}],"curies":[{"name":"wp","href":"https:\/\/api.w.org\/{rel}","templated":true}]}}