{"id":13017,"date":"2020-06-28T17:25:38","date_gmt":"2020-06-28T17:25:38","guid":{"rendered":"https:\/\/www.radiopresidenteibanez.cl\/web\/?p=13017"},"modified":"2020-06-28T17:25:42","modified_gmt":"2020-06-28T17:25:42","slug":"exitosa-primera-semana-de-atencion-social-en-el-polideportivo-municipal-de-natales","status":"publish","type":"post","link":"https:\/\/www.radiopresidenteibanez.cl\/web\/exitosa-primera-semana-de-atencion-social-en-el-polideportivo-municipal-de-natales\/","title":{"rendered":"EXITOSA PRIMERA SEMANA DE ATENCI\u00d3N SOCIAL EN EL POLIDEPORTIVO MUNICIPAL DE NATALES"},"content":{"rendered":"\n<p>El alcalde de\nla comuna junto a la directora de Desarrollo Comunitario e Iv\u00e1n O\u00f1ate,\nejecutivo de la Corporaci\u00f3n de Deporte, llegaron hasta el Polideportivo Municipal\npara realizar un balance de la atenci\u00f3n y las ayudas sociales entregadas\ndurante esta semana. <\/p>\n\n\n\n<p>Es preciso\nse\u00f1alar que la Direcci\u00f3n de Desarrollo Comunitario se traslad\u00f3 durante esta\nsemana al polideportivo producto de la alta afluencia de vecinos, efectuando el\ntraslado del departamento social para resguardar el distanciamiento y facilitar\nla entrega de ayudas sociales.<\/p>\n\n\n\n<p>&nbsp;El alcalde de Natales, Fernando Paredes\nMansilla, se\u00f1al\u00f3 que pretenden comenzar a entregar nuevos aportes desde la\nprimera semana de julio. \u201cSi uno proyecta esto en t\u00e9rminos de monto, estamos\nhablando que la pr\u00f3xima semana deber\u00edamos estar aportando por conceptos de\narriendo, pagos de medicamentos y pagos de boletas de gas, una cifra superior a\nlos 35 millones de pesos\u201d. <\/p>\n\n\n\n<p>Adem\u00e1s, la\nm\u00e1xima autoridad comunal, destac\u00f3 que ya se encuentran trabajando para iniciar\nla entrega de 2 mil canastas de alimentos a domicilio. \u201cEntendemos que viene un\ngran trabajo con los funcionarios, personal del ej\u00e9rcito y la gobernaci\u00f3n, porque\nestamos trabajando en conjunto. Sin lugar a dudas la pr\u00f3xima semana,\nprecisamente a contar del martes, vamos a iniciar la entrega de estas\nimportantes canastas de alimentos que seguramente mucha gente vulnerable est\u00e1\nesperando\u201d.<\/p>\n\n\n\n<p>La directora\nde la Direcci\u00f3n de Desarrollo Comunitario, Claribel Barr\u00eda Vidal, subray\u00f3 que\n700 personas han asistido hasta el polideportivo para recibir la atenci\u00f3n de\nlos profesionales del departamento social, destacando las actualizaciones del\nRegistro social de Hogares, inscripciones para aportes de agua, gas, arriendos,\nmedicamentos, alimentos especiales y canastas familiares\u201d.<\/p>\n\n\n\n<p>Finalmente, el\nedil inform\u00f3 que se extender\u00e1 por una semana m\u00e1s el plazo de inscripci\u00f3n para\nrecibir ayudas de aportes y subsidios especiales.<\/p>\n\n\n\n<p>&nbsp;Adem\u00e1s de la atenci\u00f3n presencial de 08:00 a\n13:00 hrs, los interesados podr\u00e1n llamar a los siguientes n\u00fameros telef\u00f3nicos\n612 209571 \u2013 612 209575 \u2013 612 209577 \u2013 612 209578, horario de atenci\u00f3n de 08:00\na 17:00 horas o al correo electr\u00f3nico ayudasocial@muninatales.cl.<\/p>\n","protected":false},"excerpt":{"rendered":"<p>El alcalde de la comuna junto a la directora de Desarrollo Comunitario e Iv\u00e1n O\u00f1ate, ejecutivo de la Corporaci\u00f3n de Deporte, llegaron hasta el Polideportivo Municipal para realizar un balance&#8230; <a class=\"read-more\" href=\"https:\/\/www.radiopresidenteibanez.cl\/web\/exitosa-primera-semana-de-atencion-social-en-el-polideportivo-municipal-de-natales\/\">Leer m\u00e1s<\/a><\/p>\n","protected":false},"author":2,"featured_media":13018,"comment_status":"closed","ping_status":"closed","sticky":false,"template":"","format":"standard","meta":{"footnotes":""},"categories":[1],"tags":[],"class_list":["post-13017","post","type-post","status-publish","format-standard","has-post-thumbnail","hentry","category-cronica"],"_links":{"self":[{"href":"https:\/\/www.radiopresidenteibanez.cl\/web\/wp-json\/wp\/v2\/posts\/13017","targetHints":{"allow":["GET"]}}],"collection":[{"href":"https:\/\/www.radiopresidenteibanez.cl\/web\/wp-json\/wp\/v2\/posts"}],"about":[{"href":"https:\/\/www.radiopresidenteibanez.cl\/web\/wp-json\/wp\/v2\/types\/post"}],"author":[{"embeddable":true,"href":"https:\/\/www.radiopresidenteibanez.cl\/web\/wp-json\/wp\/v2\/users\/2"}],"replies":[{"embeddable":true,"href":"https:\/\/www.radiopresidenteibanez.cl\/web\/wp-json\/wp\/v2\/comments?post=13017"}],"version-history":[{"count":0,"href":"https:\/\/www.radiopresidenteibanez.cl\/web\/wp-json\/wp\/v2\/posts\/13017\/revisions"}],"wp:featuredmedia":[{"embeddable":true,"href":"https:\/\/www.radiopresidenteibanez.cl\/web\/wp-json\/wp\/v2\/media\/13018"}],"wp:attachment":[{"href":"https:\/\/www.radiopresidenteibanez.cl\/web\/wp-json\/wp\/v2\/media?parent=13017"}],"wp:term":[{"taxonomy":"category","embeddable":true,"href":"https:\/\/www.radiopresidenteibanez.cl\/web\/wp-json\/wp\/v2\/categories?post=13017"},{"taxonomy":"post_tag","embeddable":true,"href":"https:\/\/www.radiopresidenteibanez.cl\/web\/wp-json\/wp\/v2\/tags?post=13017"}],"curies":[{"name":"wp","href":"https:\/\/api.w.org\/{rel}","templated":true}]}}