{"id":13014,"date":"2020-06-28T17:24:16","date_gmt":"2020-06-28T17:24:16","guid":{"rendered":"https:\/\/www.radiopresidenteibanez.cl\/web\/?p=13014"},"modified":"2020-06-28T17:24:20","modified_gmt":"2020-06-28T17:24:20","slug":"serviu-anuncio-cierre-parcial-de-costanera-a-la-altura-de-calle-las-heras-por-pavimentacion-y-construccion-de-colector-de-aguas-lluvias","status":"publish","type":"post","link":"https:\/\/www.radiopresidenteibanez.cl\/web\/serviu-anuncio-cierre-parcial-de-costanera-a-la-altura-de-calle-las-heras-por-pavimentacion-y-construccion-de-colector-de-aguas-lluvias\/","title":{"rendered":"SERVIU ANUNCI\u00d3 CIERRE PARCIAL DE COSTANERA A LA ALTURA DE CALLE LAS HERAS POR PAVIMENTACI\u00d3N Y CONSTRUCCI\u00d3N DE COLECTOR DE AGUAS LLUVIAS"},"content":{"rendered":"\n<p>Un sustantivo mejoramiento de la vialidad en el sector sur de Punta Arenas y conectividad con el borde costero, espera lograr el Minvu con la construcci\u00f3n de calzada en calle Las Heras, en el tramo Vergara-Costanera y calle Vergara en el tramo Las Heras-Miraflores, construcci\u00f3n de aceras y soleras. La obra considera, adem\u00e1s, la instalaci\u00f3n de un colector de aguas lluvias que nacer\u00e1 en calle Vergara y bajar\u00e1 por calle Las Heras para posteriormente conectarse a la red secundaria de aguas lluvias existente en Avenida Costanera con Miraflores.<\/p>\n\n\n\n<p><strong>El director regional del Serviu, Dubalio P\u00e9rez Ruiz<\/strong>, agreg\u00f3 que&nbsp;<strong>\u201cesta pavimentaci\u00f3n va a solucionar el problema que se originaba con el arrastre de material hacia la Costanera, lo que ocasionaba acumulaci\u00f3n de \u00e1ridos y aguas lluvias en ese tramo, as\u00ed como tambi\u00e9n dar\u00e1 una nueva alternativa de circulaci\u00f3n para acceder a la Avenida Pedro Aguire Cerda\u201d.<\/strong><\/p>\n\n\n\n<p>La obra, de gran envergadura, cuenta con una inversi\u00f3n del FNDR de 797 millones de pesos, su unidad t\u00e9cnica es el Serviu Magallanes y de la Ant\u00e1rtica Chilena y la empresa contratista es Constructora Eliecer Soto Oyarz\u00fan. El proyecto tiene un plazo de 360 d\u00edas corridos de ejecuci\u00f3n a contar del 15 de mayo del presente a\u00f1o.<\/p>\n\n\n\n<p><strong>Los trabajos involucran en una primera etapa, el cierre parcial de tr\u00e1nsito en Avenida Costanera con calle Las Heras a contar del martes 30 de junio, procediendo a la demolici\u00f3n y repavimentaci\u00f3n de calzada de las pistas centrales (oriente y poniente).<\/strong>&nbsp;Posteriormente, se proseguir\u00e1 con la demolici\u00f3n y repavimentaci\u00f3n de calzada de las pistas de los extremos (oriente y poniente). Ya concluida esta intervenci\u00f3n, se trabajar\u00e1 en la acera oriente de dicho sector de Costanera. Se estima que estas faenas podr\u00edan extenderse hasta fines de julio, considerando el factor clim\u00e1tico.<\/p>\n\n\n\n<p>A la fecha, el avance f\u00edsico de la obra es de un 4,3%. Los trabajos est\u00e1n comenzando por el trazado del colector proyectado por Avenida Costanera, para luego ejecutar el colector de calle Las Heras y posteriormente comenzar con los trabajos de muros de contenci\u00f3n y pavimento de calzada.<\/p>\n","protected":false},"excerpt":{"rendered":"<p>Un sustantivo mejoramiento de la vialidad en el sector sur de Punta Arenas y conectividad con el borde costero, espera lograr el Minvu con la construcci\u00f3n de calzada en calle&#8230; <a class=\"read-more\" href=\"https:\/\/www.radiopresidenteibanez.cl\/web\/serviu-anuncio-cierre-parcial-de-costanera-a-la-altura-de-calle-las-heras-por-pavimentacion-y-construccion-de-colector-de-aguas-lluvias\/\">Leer m\u00e1s<\/a><\/p>\n","protected":false},"author":2,"featured_media":13015,"comment_status":"closed","ping_status":"closed","sticky":false,"template":"","format":"standard","meta":{"footnotes":""},"categories":[1],"tags":[],"class_list":["post-13014","post","type-post","status-publish","format-standard","has-post-thumbnail","hentry","category-cronica"],"_links":{"self":[{"href":"https:\/\/www.radiopresidenteibanez.cl\/web\/wp-json\/wp\/v2\/posts\/13014","targetHints":{"allow":["GET"]}}],"collection":[{"href":"https:\/\/www.radiopresidenteibanez.cl\/web\/wp-json\/wp\/v2\/posts"}],"about":[{"href":"https:\/\/www.radiopresidenteibanez.cl\/web\/wp-json\/wp\/v2\/types\/post"}],"author":[{"embeddable":true,"href":"https:\/\/www.radiopresidenteibanez.cl\/web\/wp-json\/wp\/v2\/users\/2"}],"replies":[{"embeddable":true,"href":"https:\/\/www.radiopresidenteibanez.cl\/web\/wp-json\/wp\/v2\/comments?post=13014"}],"version-history":[{"count":0,"href":"https:\/\/www.radiopresidenteibanez.cl\/web\/wp-json\/wp\/v2\/posts\/13014\/revisions"}],"wp:featuredmedia":[{"embeddable":true,"href":"https:\/\/www.radiopresidenteibanez.cl\/web\/wp-json\/wp\/v2\/media\/13015"}],"wp:attachment":[{"href":"https:\/\/www.radiopresidenteibanez.cl\/web\/wp-json\/wp\/v2\/media?parent=13014"}],"wp:term":[{"taxonomy":"category","embeddable":true,"href":"https:\/\/www.radiopresidenteibanez.cl\/web\/wp-json\/wp\/v2\/categories?post=13014"},{"taxonomy":"post_tag","embeddable":true,"href":"https:\/\/www.radiopresidenteibanez.cl\/web\/wp-json\/wp\/v2\/tags?post=13014"}],"curies":[{"name":"wp","href":"https:\/\/api.w.org\/{rel}","templated":true}]}}