{"id":1301,"date":"2019-02-10T17:39:24","date_gmt":"2019-02-10T17:39:24","guid":{"rendered":"http:\/\/www.radiopresidenteibanez.cl\/web\/?p=1301"},"modified":"2019-02-10T17:39:48","modified_gmt":"2019-02-10T17:39:48","slug":"hasta-el-miercoles-estaran-fuera-de-servicio-los-semaforos-de-una-importante-interseccion-vial-de-nuestra-ciudad","status":"publish","type":"post","link":"https:\/\/www.radiopresidenteibanez.cl\/web\/hasta-el-miercoles-estaran-fuera-de-servicio-los-semaforos-de-una-importante-interseccion-vial-de-nuestra-ciudad\/","title":{"rendered":"HASTA EL MI\u00c9RCOLES ESTAR\u00c1N FUERA DE SERVICIO LOS SEM\u00c1FOROS DE UNA IMPORTANTE INTERSECCI\u00d3N VIAL DE NUESTRA CIUDAD"},"content":{"rendered":"\n<p>Cuatro d\u00edas estar\u00e1n sin funcionar los sem\u00e1foros del cruce de Avenida Bulnes con Capit\u00e1n Guillermos debido a los serios da\u00f1os ocasionados al sistema de control producto del accidente de tr\u00e1nsito ocurrido esta ma\u00f1ana en el sector.<\/p>\n\n\n\n<p>El alcalde Claudio Radonich, junto con lamentar lo ocurrido, llam\u00f3 a los conductores que transiten por la zona afectada, a extremar la&nbsp;precauciones hasta que se normalice la situaci\u00f3n.<\/p>\n\n\n\n<p>El edil puntualiz\u00f3 que los da\u00f1os a la infraestructura p\u00fablica bordear\u00e1n los 3 millones de pesos y anunci\u00f3 que el municipio interpondr\u00e1 a la brevedad una demanda contra el conductor del veh\u00edculo que provoc\u00f3 el accidente y que se encontraba en evidente estado de ebriedad.<\/p>\n\n\n\n<p>Sergio Oyarzo, director de Tr\u00e1nsito inform\u00f3 que mientras duren los trabajos de reparaci\u00f3n del sistema de control de sem\u00e1foros del mencionado sector, se instalar\u00e1 se\u00f1alizaci\u00f3n \u201cPare\u201d en Capitan Guillermos.<\/p>\n\n\n\n<ul class=\"wp-block-gallery columns-2 is-cropped wp-block-gallery-1 is-layout-flex wp-block-gallery-is-layout-flex\"><li class=\"blocks-gallery-item\"><figure><img loading=\"lazy\" decoding=\"async\" width=\"960\" height=\"678\" src=\"https:\/\/www.radiopresidenteibanez.cl\/web\/wp-content\/uploads\/2019\/02\/51718704_1146423165538739_7927142291217580032_n.jpg\" alt=\"\" data-id=\"1302\" data-link=\"https:\/\/www.radiopresidenteibanez.cl\/web\/?attachment_id=1302\" class=\"wp-image-1302\" srcset=\"https:\/\/www.radiopresidenteibanez.cl\/web\/wp-content\/uploads\/2019\/02\/51718704_1146423165538739_7927142291217580032_n.jpg 960w, https:\/\/www.radiopresidenteibanez.cl\/web\/wp-content\/uploads\/2019\/02\/51718704_1146423165538739_7927142291217580032_n-300x212.jpg 300w, https:\/\/www.radiopresidenteibanez.cl\/web\/wp-content\/uploads\/2019\/02\/51718704_1146423165538739_7927142291217580032_n-768x542.jpg 768w\" sizes=\"auto, (max-width: 960px) 100vw, 960px\" \/><\/figure><\/li><li class=\"blocks-gallery-item\"><figure><img loading=\"lazy\" decoding=\"async\" width=\"960\" height=\"610\" src=\"https:\/\/www.radiopresidenteibanez.cl\/web\/wp-content\/uploads\/2019\/02\/51797854_1146423222205400_5738207114979966976_n.jpg\" alt=\"\" data-id=\"1303\" data-link=\"https:\/\/www.radiopresidenteibanez.cl\/web\/?attachment_id=1303\" class=\"wp-image-1303\" srcset=\"https:\/\/www.radiopresidenteibanez.cl\/web\/wp-content\/uploads\/2019\/02\/51797854_1146423222205400_5738207114979966976_n.jpg 960w, https:\/\/www.radiopresidenteibanez.cl\/web\/wp-content\/uploads\/2019\/02\/51797854_1146423222205400_5738207114979966976_n-300x191.jpg 300w, https:\/\/www.radiopresidenteibanez.cl\/web\/wp-content\/uploads\/2019\/02\/51797854_1146423222205400_5738207114979966976_n-768x488.jpg 768w\" sizes=\"auto, (max-width: 960px) 100vw, 960px\" \/><\/figure><\/li><li class=\"blocks-gallery-item\"><figure><img loading=\"lazy\" decoding=\"async\" width=\"958\" height=\"541\" src=\"https:\/\/www.radiopresidenteibanez.cl\/web\/wp-content\/uploads\/2019\/02\/549725437671.jpg\" alt=\"\" data-id=\"1304\" data-link=\"https:\/\/www.radiopresidenteibanez.cl\/web\/?attachment_id=1304\" class=\"wp-image-1304\" srcset=\"https:\/\/www.radiopresidenteibanez.cl\/web\/wp-content\/uploads\/2019\/02\/549725437671.jpg 958w, https:\/\/www.radiopresidenteibanez.cl\/web\/wp-content\/uploads\/2019\/02\/549725437671-300x169.jpg 300w, https:\/\/www.radiopresidenteibanez.cl\/web\/wp-content\/uploads\/2019\/02\/549725437671-768x434.jpg 768w\" sizes=\"auto, (max-width: 958px) 100vw, 958px\" \/><\/figure><\/li><\/ul>\n","protected":false},"excerpt":{"rendered":"<p>Cuatro d\u00edas estar\u00e1n sin funcionar los sem\u00e1foros del cruce de Avenida Bulnes con Capit\u00e1n Guillermos debido a los serios da\u00f1os ocasionados al sistema de control producto del accidente de tr\u00e1nsito&#8230; <a class=\"read-more\" href=\"https:\/\/www.radiopresidenteibanez.cl\/web\/hasta-el-miercoles-estaran-fuera-de-servicio-los-semaforos-de-una-importante-interseccion-vial-de-nuestra-ciudad\/\">Leer m\u00e1s<\/a><\/p>\n","protected":false},"author":2,"featured_media":1304,"comment_status":"closed","ping_status":"closed","sticky":false,"template":"","format":"standard","meta":{"footnotes":""},"categories":[1],"tags":[],"class_list":["post-1301","post","type-post","status-publish","format-standard","has-post-thumbnail","hentry","category-cronica"],"_links":{"self":[{"href":"https:\/\/www.radiopresidenteibanez.cl\/web\/wp-json\/wp\/v2\/posts\/1301","targetHints":{"allow":["GET"]}}],"collection":[{"href":"https:\/\/www.radiopresidenteibanez.cl\/web\/wp-json\/wp\/v2\/posts"}],"about":[{"href":"https:\/\/www.radiopresidenteibanez.cl\/web\/wp-json\/wp\/v2\/types\/post"}],"author":[{"embeddable":true,"href":"https:\/\/www.radiopresidenteibanez.cl\/web\/wp-json\/wp\/v2\/users\/2"}],"replies":[{"embeddable":true,"href":"https:\/\/www.radiopresidenteibanez.cl\/web\/wp-json\/wp\/v2\/comments?post=1301"}],"version-history":[{"count":0,"href":"https:\/\/www.radiopresidenteibanez.cl\/web\/wp-json\/wp\/v2\/posts\/1301\/revisions"}],"wp:featuredmedia":[{"embeddable":true,"href":"https:\/\/www.radiopresidenteibanez.cl\/web\/wp-json\/wp\/v2\/media\/1304"}],"wp:attachment":[{"href":"https:\/\/www.radiopresidenteibanez.cl\/web\/wp-json\/wp\/v2\/media?parent=1301"}],"wp:term":[{"taxonomy":"category","embeddable":true,"href":"https:\/\/www.radiopresidenteibanez.cl\/web\/wp-json\/wp\/v2\/categories?post=1301"},{"taxonomy":"post_tag","embeddable":true,"href":"https:\/\/www.radiopresidenteibanez.cl\/web\/wp-json\/wp\/v2\/tags?post=1301"}],"curies":[{"name":"wp","href":"https:\/\/api.w.org\/{rel}","templated":true}]}}