{"id":13009,"date":"2020-06-28T17:18:18","date_gmt":"2020-06-28T17:18:18","guid":{"rendered":"https:\/\/www.radiopresidenteibanez.cl\/web\/?p=13009"},"modified":"2020-06-28T17:18:22","modified_gmt":"2020-06-28T17:18:22","slug":"par-explora-charla-unira-atacama-y-magallanes-con-tematica-antartica","status":"publish","type":"post","link":"https:\/\/www.radiopresidenteibanez.cl\/web\/par-explora-charla-unira-atacama-y-magallanes-con-tematica-antartica\/","title":{"rendered":"PAR EXPLORA: CHARLA UNIR\u00c1 ATACAMA Y MAGALLANES CON TEM\u00c1TICA ANT\u00c1RTICA"},"content":{"rendered":"\n<p>\u201cDel fr\u00edo al calor: visitando desiertos\u201d es el\nnombre de la charla que estar\u00e1 a cargo de&nbsp;\nAlfredo Soto Ortega, docente de la Universidad de Magallanes y\ncoordinador de Vinculaci\u00f3n con el Medio del Centro de Investigaci\u00f3n GAIA\nAnt\u00e1rtica. En ella se&nbsp; explicar\u00e1 las\nrelaciones entre el Desierto de Atacama y el desierto helado que constituye la\nAnt\u00e1rtica. <\/p>\n\n\n\n<p>La actividad est\u00e1 organizada por el PAR\nExplora Atacama en conjunto con el PAR Explora Magallanes -pertenecientes al\nMinisterio de Ciencia, Tecnolog\u00eda, Conocimiento, e Innovaci\u00f3n- ambos ejecutados\npor la Universidad de Atacama y la Universidad de Magallanes,\nrespectivamente.&nbsp;<\/p>\n\n\n\n<p>La directora del PAR Explora Magallanes,\nClaudia Salinas, coment\u00f3 que \u201ceste tipo de charlas permiten que p\u00fablicos de\nlugares fuera de nuestra regi\u00f3n puedan conocer nuestro territorio y compararlo\ncon la realidad que viven. Es incre\u00edble c\u00f3mo dos lugares tan lejanos como la\nAnt\u00e1rtica y el desierto de Atacama tienen tantas similitudes, algo que podr\u00e1n\nver en detalle en el&nbsp;streamingde este mi\u00e9rcoles\u201d.&nbsp;<\/p>\n\n\n\n<p>Por su parte el director del PAR Explora\nAtacama Cristi\u00e1n Galaz Esquivel, invit\u00f3 a sumarse esta actividad, manifestando\nque \u201cestamos s\u00faper contentos de invitar a la comunidad a sumarse a este encuentro\ncolaborativo con nuestros nuestros amigos y amigas del extremo sur. Durante\neste a\u00f1o desarrollaremos muchas actividades y entregaremos contenidos de manera\nvirtual, lo cual que nos dar\u00e1 acceso a contar con colaboraciones desde otros\npuntos de Chile\u201d.<\/p>\n\n\n\n<p><strong>Ant\u00e1rtica\ny Atacama como desiertos<\/strong><\/p>\n\n\n\n<p>Para el profesor Alfredo Soto Ortega asegur\u00f3\nestar contento con la actividad que busca entregar conocimientos en base a su\nexperiencia en el continenten blanco. \u201c Es muy curioso cuando se tocan estos\ntemas y se va aprendiendo que el planeta es un sistema integrado, es decir,\nmuchos de sus ambientes no son importantes por si solo sino que dependen de\notros ambientes\u201d.\n\nLa charla se realizar\u00e1 este mi\u00e9rcoles 1 de julio, a las 19:00\nhoras (18:00 en Chile continental), y podr\u00e1n seguir la transmisi\u00f3n a trav\u00e9s del\nfanpage&nbsp;del PAR Explora Atacama y el canal de\nYoutube de PAR Explora Magallanes.\n\n\n\n<\/p>\n","protected":false},"excerpt":{"rendered":"<p>\u201cDel fr\u00edo al calor: visitando desiertos\u201d es el nombre de la charla que estar\u00e1 a cargo de&nbsp; Alfredo Soto Ortega, docente de la Universidad de Magallanes y coordinador de Vinculaci\u00f3n&#8230; <a class=\"read-more\" href=\"https:\/\/www.radiopresidenteibanez.cl\/web\/par-explora-charla-unira-atacama-y-magallanes-con-tematica-antartica\/\">Leer m\u00e1s<\/a><\/p>\n","protected":false},"author":2,"featured_media":13010,"comment_status":"closed","ping_status":"closed","sticky":false,"template":"","format":"standard","meta":{"footnotes":""},"categories":[1],"tags":[],"class_list":["post-13009","post","type-post","status-publish","format-standard","has-post-thumbnail","hentry","category-cronica"],"_links":{"self":[{"href":"https:\/\/www.radiopresidenteibanez.cl\/web\/wp-json\/wp\/v2\/posts\/13009","targetHints":{"allow":["GET"]}}],"collection":[{"href":"https:\/\/www.radiopresidenteibanez.cl\/web\/wp-json\/wp\/v2\/posts"}],"about":[{"href":"https:\/\/www.radiopresidenteibanez.cl\/web\/wp-json\/wp\/v2\/types\/post"}],"author":[{"embeddable":true,"href":"https:\/\/www.radiopresidenteibanez.cl\/web\/wp-json\/wp\/v2\/users\/2"}],"replies":[{"embeddable":true,"href":"https:\/\/www.radiopresidenteibanez.cl\/web\/wp-json\/wp\/v2\/comments?post=13009"}],"version-history":[{"count":0,"href":"https:\/\/www.radiopresidenteibanez.cl\/web\/wp-json\/wp\/v2\/posts\/13009\/revisions"}],"wp:featuredmedia":[{"embeddable":true,"href":"https:\/\/www.radiopresidenteibanez.cl\/web\/wp-json\/wp\/v2\/media\/13010"}],"wp:attachment":[{"href":"https:\/\/www.radiopresidenteibanez.cl\/web\/wp-json\/wp\/v2\/media?parent=13009"}],"wp:term":[{"taxonomy":"category","embeddable":true,"href":"https:\/\/www.radiopresidenteibanez.cl\/web\/wp-json\/wp\/v2\/categories?post=13009"},{"taxonomy":"post_tag","embeddable":true,"href":"https:\/\/www.radiopresidenteibanez.cl\/web\/wp-json\/wp\/v2\/tags?post=13009"}],"curies":[{"name":"wp","href":"https:\/\/api.w.org\/{rel}","templated":true}]}}