{"id":13004,"date":"2020-06-26T23:51:45","date_gmt":"2020-06-26T23:51:45","guid":{"rendered":"https:\/\/www.radiopresidenteibanez.cl\/web\/?p=13004"},"modified":"2020-06-26T23:51:49","modified_gmt":"2020-06-26T23:51:49","slug":"seremi-de-gobierno-llama-a-no-acudir-a-lugar-de-esparcimiento-durante-fin-de-semana-largo","status":"publish","type":"post","link":"https:\/\/www.radiopresidenteibanez.cl\/web\/seremi-de-gobierno-llama-a-no-acudir-a-lugar-de-esparcimiento-durante-fin-de-semana-largo\/","title":{"rendered":"SEREMI DE GOBIERNO LLAMA A NO ACUDIR A LUGAR DE ESPARCIMIENTO DURANTE FIN DE SEMANA LARGO"},"content":{"rendered":"\n<p> Existe preocupaci\u00f3n en el gobierno regional por el brote de contagios que afecta a Puerto Natales y Punta Arenas, es por ello que la seremi de Gobierno, Alejandra Mu\u00f1oz, hizo un llamado a la poblaci\u00f3n ha no acudir a lugares de esparcimiento durante este fin de semana largo.<\/p>\n\n\n\n<p>En ese sentido, la vocera del gobierno regional manifest\u00f3 que el Club Andino no solo permanecer\u00e1 cerrado, sino que habr\u00e1 personal de las Fuerzas Armadas fiscalizando en ese sector y en otros lugares de la ciudad, para evitar las aglomeraciones de personas, como ocurri\u00f3 el fin de semana pasado.<\/p>\n\n\n\n<p>\u201cYa lo dijo el intendente Jos\u00e9 Fern\u00e1ndez, este no es un fin de semana para celebraciones o paseos familiares. Hago un especial llamado a seguir respetando todas las medidas de autocuidado se\u00f1aladas por la autoridad sanitaria, sobre todo, la distancia f\u00edsica\u201d, se\u00f1al\u00f3 la seremi Mu\u00f1oz.<\/p>\n\n\n\n<p>Finalmente, indic\u00f3 que en este momento lo m\u00e1s importante es seguir resguardando la salud de los magall\u00e1nicos para as\u00ed evitar un aumento de contagios, y eso \u201clo vamos a lograr solo si somos responsables y nos cuidamos\u201d. <\/p>\n","protected":false},"excerpt":{"rendered":"<p>Existe preocupaci\u00f3n en el gobierno regional por el brote de contagios que afecta a Puerto Natales y Punta Arenas, es por ello que la seremi de Gobierno, Alejandra Mu\u00f1oz, hizo&#8230; <a class=\"read-more\" href=\"https:\/\/www.radiopresidenteibanez.cl\/web\/seremi-de-gobierno-llama-a-no-acudir-a-lugar-de-esparcimiento-durante-fin-de-semana-largo\/\">Leer m\u00e1s<\/a><\/p>\n","protected":false},"author":2,"featured_media":13005,"comment_status":"closed","ping_status":"closed","sticky":false,"template":"","format":"standard","meta":{"footnotes":""},"categories":[1],"tags":[],"class_list":["post-13004","post","type-post","status-publish","format-standard","has-post-thumbnail","hentry","category-cronica"],"_links":{"self":[{"href":"https:\/\/www.radiopresidenteibanez.cl\/web\/wp-json\/wp\/v2\/posts\/13004","targetHints":{"allow":["GET"]}}],"collection":[{"href":"https:\/\/www.radiopresidenteibanez.cl\/web\/wp-json\/wp\/v2\/posts"}],"about":[{"href":"https:\/\/www.radiopresidenteibanez.cl\/web\/wp-json\/wp\/v2\/types\/post"}],"author":[{"embeddable":true,"href":"https:\/\/www.radiopresidenteibanez.cl\/web\/wp-json\/wp\/v2\/users\/2"}],"replies":[{"embeddable":true,"href":"https:\/\/www.radiopresidenteibanez.cl\/web\/wp-json\/wp\/v2\/comments?post=13004"}],"version-history":[{"count":0,"href":"https:\/\/www.radiopresidenteibanez.cl\/web\/wp-json\/wp\/v2\/posts\/13004\/revisions"}],"wp:featuredmedia":[{"embeddable":true,"href":"https:\/\/www.radiopresidenteibanez.cl\/web\/wp-json\/wp\/v2\/media\/13005"}],"wp:attachment":[{"href":"https:\/\/www.radiopresidenteibanez.cl\/web\/wp-json\/wp\/v2\/media?parent=13004"}],"wp:term":[{"taxonomy":"category","embeddable":true,"href":"https:\/\/www.radiopresidenteibanez.cl\/web\/wp-json\/wp\/v2\/categories?post=13004"},{"taxonomy":"post_tag","embeddable":true,"href":"https:\/\/www.radiopresidenteibanez.cl\/web\/wp-json\/wp\/v2\/tags?post=13004"}],"curies":[{"name":"wp","href":"https:\/\/api.w.org\/{rel}","templated":true}]}}