{"id":12990,"date":"2020-06-26T13:07:27","date_gmt":"2020-06-26T13:07:27","guid":{"rendered":"https:\/\/www.radiopresidenteibanez.cl\/web\/?p=12990"},"modified":"2020-06-26T13:07:31","modified_gmt":"2020-06-26T13:07:31","slug":"vuelve-a-clases-isla-de-pascua-luego-de-propuesta-entregada-por-el-alcalde-al-ministro-de-educacion","status":"publish","type":"post","link":"https:\/\/www.radiopresidenteibanez.cl\/web\/vuelve-a-clases-isla-de-pascua-luego-de-propuesta-entregada-por-el-alcalde-al-ministro-de-educacion\/","title":{"rendered":"VUELVE A CLASES ISLA DE PASCUA LUEGO DE PROPUESTA ENTREGADA POR EL ALCALDE AL MINISTRO DE EDUCACI\u00d3N"},"content":{"rendered":"\n<p>Ayer por la tarde, el Ministro de Educaci\u00f3n, Ra\u00fal Figueroa, inform\u00f3 que los estudiantes de Isla de Pascua, ser\u00e1n los primeros en retornar a clases luego de un plan de trabajo entregado por el alcalde de la comuna al ministerio.<\/p>\n\n\n\n<p>Hasta el momento se desconoce que pasar\u00e1 en el resto de Chile.<\/p>\n","protected":false},"excerpt":{"rendered":"<p>Ayer por la tarde, el Ministro de Educaci\u00f3n, Ra\u00fal Figueroa, inform\u00f3 que los estudiantes de Isla de Pascua, ser\u00e1n los primeros en retornar a clases luego de un plan de&#8230; <a class=\"read-more\" href=\"https:\/\/www.radiopresidenteibanez.cl\/web\/vuelve-a-clases-isla-de-pascua-luego-de-propuesta-entregada-por-el-alcalde-al-ministro-de-educacion\/\">Leer m\u00e1s<\/a><\/p>\n","protected":false},"author":2,"featured_media":12991,"comment_status":"closed","ping_status":"closed","sticky":false,"template":"","format":"standard","meta":{"footnotes":""},"categories":[1],"tags":[],"class_list":["post-12990","post","type-post","status-publish","format-standard","has-post-thumbnail","hentry","category-cronica"],"_links":{"self":[{"href":"https:\/\/www.radiopresidenteibanez.cl\/web\/wp-json\/wp\/v2\/posts\/12990","targetHints":{"allow":["GET"]}}],"collection":[{"href":"https:\/\/www.radiopresidenteibanez.cl\/web\/wp-json\/wp\/v2\/posts"}],"about":[{"href":"https:\/\/www.radiopresidenteibanez.cl\/web\/wp-json\/wp\/v2\/types\/post"}],"author":[{"embeddable":true,"href":"https:\/\/www.radiopresidenteibanez.cl\/web\/wp-json\/wp\/v2\/users\/2"}],"replies":[{"embeddable":true,"href":"https:\/\/www.radiopresidenteibanez.cl\/web\/wp-json\/wp\/v2\/comments?post=12990"}],"version-history":[{"count":0,"href":"https:\/\/www.radiopresidenteibanez.cl\/web\/wp-json\/wp\/v2\/posts\/12990\/revisions"}],"wp:featuredmedia":[{"embeddable":true,"href":"https:\/\/www.radiopresidenteibanez.cl\/web\/wp-json\/wp\/v2\/media\/12991"}],"wp:attachment":[{"href":"https:\/\/www.radiopresidenteibanez.cl\/web\/wp-json\/wp\/v2\/media?parent=12990"}],"wp:term":[{"taxonomy":"category","embeddable":true,"href":"https:\/\/www.radiopresidenteibanez.cl\/web\/wp-json\/wp\/v2\/categories?post=12990"},{"taxonomy":"post_tag","embeddable":true,"href":"https:\/\/www.radiopresidenteibanez.cl\/web\/wp-json\/wp\/v2\/tags?post=12990"}],"curies":[{"name":"wp","href":"https:\/\/api.w.org\/{rel}","templated":true}]}}