{"id":12985,"date":"2020-06-26T12:53:26","date_gmt":"2020-06-26T12:53:26","guid":{"rendered":"https:\/\/www.radiopresidenteibanez.cl\/web\/?p=12985"},"modified":"2020-06-26T12:53:31","modified_gmt":"2020-06-26T12:53:31","slug":"core-magallanes-financio-mas-de-2-millones-de-insumos-para-proteccion-de-funcionarios-de-salud","status":"publish","type":"post","link":"https:\/\/www.radiopresidenteibanez.cl\/web\/core-magallanes-financio-mas-de-2-millones-de-insumos-para-proteccion-de-funcionarios-de-salud\/","title":{"rendered":"CORE MAGALLANES FINANCI\u00d3 M\u00c1S DE 2 MILLONES DE INSUMOS PARA PROTECCI\u00d3N DE FUNCIONARIOS DE SALUD"},"content":{"rendered":"\n<p>Una importante inversi\u00f3n\nen seguridad para los funcionarios de los establecimientos de atenci\u00f3n primaria\ny de hospitales de la regi\u00f3n de Magallanes, efectu\u00f3 el Servicio de Salud, gracias\nal proyecto Adquisici\u00f3n Equipos e Insumos COVID_19, financiado por el CORE\nMagallanes.<\/p>\n\n\n\n<p>La inversi\u00f3n de\n1.200 millones de pesos, consider\u00f3 la compra de elementos de protecci\u00f3n personal\nEPP, implementos y desinfectantes para la prevenci\u00f3n de contagio por COVID_19 que,\nen su conjunto, suman m\u00e1s de 2 millones de insumos, que incidir\u00e1n directamente\nen la protecci\u00f3n de los funcionarios del sector p\u00fablico de salud.<\/p>\n\n\n\n<p>\u201cEstos d\u00edas hemos\nestado recibiendo los insumos adquiridos gracias al aporte efectuado por el\nCORE Magallanes, insumos que nos permitir\u00e1n reforzar la protecci\u00f3n en toda la\nRed Asistencial de nuestro Servicio hasta el mes de diciembre, asegurando el\nabastecimiento de estos elementos que se han convertido en indispensables para quienes\ntrabajan en nuestro sector\u201d, indic\u00f3 la subdirectora de Recursos F\u00edsicos y Financieros,\nLiliana Garrido.<\/p>\n\n\n\n<p>Agregando la\nsubdirectora que, la adquisici\u00f3n de los elementos financiados por el CORE se\nsuma a otra gran compra realizada directamente con fondos propios del Servicio\ny, que involucr\u00f3 la adquisici\u00f3n de m\u00e1s de un mill\u00f3n de EPP con una inversi\u00f3n de\nm\u00e1s de 900 millones de pesos en marzo pasado. \u201cDesde un principio la idea de nuestro\nServicio fue reforzar con estos elementos a todos los funcionarios de Atenci\u00f3n\nPrimaria de Salud, Hospitales y funcionarios administrativos con el fin de\nprotegerlos de esta pandemia\u201d, indic\u00f3 Garrido.<\/p>\n\n\n\n<p>Finalmente, destacar\nel gran trabajo desarrollado por los funcionarios pertenecientes a los distintos\nequipos de la Subdirecci\u00f3n de Recursos F\u00edsicos y Financieros, considerando los Dptos.\nde Recursos F\u00edsicos, Abastecimiento y Finanzas, adem\u00e1s de Unidad de Bodega, quienes\nhan sido los responsables de crear, gestionar, adquirir y distribuir a la Red\nAsistencial los diversos insumos adquiridos.<\/p>\n","protected":false},"excerpt":{"rendered":"<p>Una importante inversi\u00f3n en seguridad para los funcionarios de los establecimientos de atenci\u00f3n primaria y de hospitales de la regi\u00f3n de Magallanes, efectu\u00f3 el Servicio de Salud, gracias al proyecto&#8230; <a class=\"read-more\" href=\"https:\/\/www.radiopresidenteibanez.cl\/web\/core-magallanes-financio-mas-de-2-millones-de-insumos-para-proteccion-de-funcionarios-de-salud\/\">Leer m\u00e1s<\/a><\/p>\n","protected":false},"author":2,"featured_media":12986,"comment_status":"closed","ping_status":"closed","sticky":false,"template":"","format":"standard","meta":{"footnotes":""},"categories":[1],"tags":[],"class_list":["post-12985","post","type-post","status-publish","format-standard","has-post-thumbnail","hentry","category-cronica"],"_links":{"self":[{"href":"https:\/\/www.radiopresidenteibanez.cl\/web\/wp-json\/wp\/v2\/posts\/12985","targetHints":{"allow":["GET"]}}],"collection":[{"href":"https:\/\/www.radiopresidenteibanez.cl\/web\/wp-json\/wp\/v2\/posts"}],"about":[{"href":"https:\/\/www.radiopresidenteibanez.cl\/web\/wp-json\/wp\/v2\/types\/post"}],"author":[{"embeddable":true,"href":"https:\/\/www.radiopresidenteibanez.cl\/web\/wp-json\/wp\/v2\/users\/2"}],"replies":[{"embeddable":true,"href":"https:\/\/www.radiopresidenteibanez.cl\/web\/wp-json\/wp\/v2\/comments?post=12985"}],"version-history":[{"count":0,"href":"https:\/\/www.radiopresidenteibanez.cl\/web\/wp-json\/wp\/v2\/posts\/12985\/revisions"}],"wp:featuredmedia":[{"embeddable":true,"href":"https:\/\/www.radiopresidenteibanez.cl\/web\/wp-json\/wp\/v2\/media\/12986"}],"wp:attachment":[{"href":"https:\/\/www.radiopresidenteibanez.cl\/web\/wp-json\/wp\/v2\/media?parent=12985"}],"wp:term":[{"taxonomy":"category","embeddable":true,"href":"https:\/\/www.radiopresidenteibanez.cl\/web\/wp-json\/wp\/v2\/categories?post=12985"},{"taxonomy":"post_tag","embeddable":true,"href":"https:\/\/www.radiopresidenteibanez.cl\/web\/wp-json\/wp\/v2\/tags?post=12985"}],"curies":[{"name":"wp","href":"https:\/\/api.w.org\/{rel}","templated":true}]}}