{"id":12982,"date":"2020-06-26T12:52:17","date_gmt":"2020-06-26T12:52:17","guid":{"rendered":"https:\/\/www.radiopresidenteibanez.cl\/web\/?p=12982"},"modified":"2020-06-26T12:52:21","modified_gmt":"2020-06-26T12:52:21","slug":"el-proximo-30-de-junio-vence-plazo-para-la-renovacion-de-permisos-de-circulacion-2020","status":"publish","type":"post","link":"https:\/\/www.radiopresidenteibanez.cl\/web\/el-proximo-30-de-junio-vence-plazo-para-la-renovacion-de-permisos-de-circulacion-2020\/","title":{"rendered":"EL PR\u00d3XIMO 30 DE JUNIO VENCE PLAZO PARA LA RENOVACI\u00d3N DE PERMISOS DE CIRCULACI\u00d3N 2020"},"content":{"rendered":"\n<p>Al d\u00eda de hoy, poco m\u00e1s del 86 % del parque automotriz en nuestra comuna, ha concretado con \u00e9xito su Renovaci\u00f3n de Permisos de Circulaci\u00f3n 2020, lo cual es destacado por el director de Tr\u00e1nsito de la Municipalidad de Punta Arenas, Marcel Berm\u00fadez, quien hace un positivo balance a pocos d\u00edas de que expire el plazo legal el pr\u00f3ximo 30 de junio.<\/p>\n\n\n\n<p>\u201cDada la contingencia y la emergencia sanitaria por la que estamos pasando, valoramos el esfuerzo que han realizado m\u00e1s de 33 mil automovilistas por cumplir con la renovaci\u00f3n de su Permiso de Circulaci\u00f3n. Por nuestra parte, tambi\u00e9n quiero destacar el trabajo de los funcionarios municipales que se han sumado al despliegue en terreno, para otorgar atenci\u00f3n presencial en el Liceo Luis Alberto Barrera, lo cual continuar\u00e1 hasta el d\u00eda 30 de junio desde las 8:30 horas\u201d, expres\u00f3 Berm\u00fadez.<\/p>\n\n\n\n<p>En ese sentido, el alcalde de la comuna, Claudio Radonich dijo que \u201cesperamos alcanzar las 38 mil renovaciones de aqu\u00ed al t\u00e9rmino del plazo legal, por lo que invitamos a quienes a\u00fan no concretan el tr\u00e1mite, a poder acercarse hasta el gimnasio del Liceo Luis Alberto Barrera&nbsp;de lunes a viernes a partir de las 8:30 de la ma\u00f1ana\u201d.<\/p>\n\n\n\n<p>Finalmente, Radonich agreg\u00f3 que \u201ces importante recordar que disponemos de 150 cupos diarios, debido a las medidas sanitarias que ha instruido la autoridad competente, por lo que tambi\u00e9n pedimos comprensi\u00f3n y derechamente, hacer el tr\u00e1mite a trav\u00e9s de nuestra p\u00e1gina web&nbsp;<a href=\"http:\/\/www.puntaarenas.cl\/\" target=\"_blank\" rel=\"noreferrer noopener\">www.puntaarenas.cl<\/a>\u201d.<\/p>\n","protected":false},"excerpt":{"rendered":"<p>Al d\u00eda de hoy, poco m\u00e1s del 86 % del parque automotriz en nuestra comuna, ha concretado con \u00e9xito su Renovaci\u00f3n de Permisos de Circulaci\u00f3n 2020, lo cual es destacado&#8230; <a class=\"read-more\" href=\"https:\/\/www.radiopresidenteibanez.cl\/web\/el-proximo-30-de-junio-vence-plazo-para-la-renovacion-de-permisos-de-circulacion-2020\/\">Leer m\u00e1s<\/a><\/p>\n","protected":false},"author":2,"featured_media":12983,"comment_status":"closed","ping_status":"closed","sticky":false,"template":"","format":"standard","meta":{"footnotes":""},"categories":[1],"tags":[],"class_list":["post-12982","post","type-post","status-publish","format-standard","has-post-thumbnail","hentry","category-cronica"],"_links":{"self":[{"href":"https:\/\/www.radiopresidenteibanez.cl\/web\/wp-json\/wp\/v2\/posts\/12982","targetHints":{"allow":["GET"]}}],"collection":[{"href":"https:\/\/www.radiopresidenteibanez.cl\/web\/wp-json\/wp\/v2\/posts"}],"about":[{"href":"https:\/\/www.radiopresidenteibanez.cl\/web\/wp-json\/wp\/v2\/types\/post"}],"author":[{"embeddable":true,"href":"https:\/\/www.radiopresidenteibanez.cl\/web\/wp-json\/wp\/v2\/users\/2"}],"replies":[{"embeddable":true,"href":"https:\/\/www.radiopresidenteibanez.cl\/web\/wp-json\/wp\/v2\/comments?post=12982"}],"version-history":[{"count":0,"href":"https:\/\/www.radiopresidenteibanez.cl\/web\/wp-json\/wp\/v2\/posts\/12982\/revisions"}],"wp:featuredmedia":[{"embeddable":true,"href":"https:\/\/www.radiopresidenteibanez.cl\/web\/wp-json\/wp\/v2\/media\/12983"}],"wp:attachment":[{"href":"https:\/\/www.radiopresidenteibanez.cl\/web\/wp-json\/wp\/v2\/media?parent=12982"}],"wp:term":[{"taxonomy":"category","embeddable":true,"href":"https:\/\/www.radiopresidenteibanez.cl\/web\/wp-json\/wp\/v2\/categories?post=12982"},{"taxonomy":"post_tag","embeddable":true,"href":"https:\/\/www.radiopresidenteibanez.cl\/web\/wp-json\/wp\/v2\/tags?post=12982"}],"curies":[{"name":"wp","href":"https:\/\/api.w.org\/{rel}","templated":true}]}}