{"id":12979,"date":"2020-06-26T12:44:20","date_gmt":"2020-06-26T12:44:20","guid":{"rendered":"https:\/\/www.radiopresidenteibanez.cl\/web\/?p=12979"},"modified":"2020-06-26T12:44:24","modified_gmt":"2020-06-26T12:44:24","slug":"seremi-de-desarrollo-social-entrega-material-para-el-cuidado-de-ninas-y-ninos-en-la-pandemia","status":"publish","type":"post","link":"https:\/\/www.radiopresidenteibanez.cl\/web\/seremi-de-desarrollo-social-entrega-material-para-el-cuidado-de-ninas-y-ninos-en-la-pandemia\/","title":{"rendered":"SEREMI DE DESARROLLO SOCIAL ENTREGA MATERIAL PARA EL CUIDADO DE NI\u00d1AS Y NI\u00d1OS EN LA PANDEMIA"},"content":{"rendered":"\n<p>Producto del confinamiento que ha provocado el Coronavirus, los ni\u00f1os y ni\u00f1as se exponen a un mayor riesgo de sufrir da\u00f1os, provocados desde la violencia intrafamiliar, hasta el propio estr\u00e9s que ha generado en ellos el cierre de los establecimientos educacionales y la no socializaci\u00f3n, en persona, con sus pares.<\/p>\n\n\n\n<p>Es por ello que \u201cChile Crece Contigo\u201d ha generado&nbsp;apoyos y herramientas que permiten resguardar el bienestar psicol\u00f3gico y emocional de las ni\u00f1as, ni\u00f1os, y sus familias. Una de estas ayudas son las \u201cFichas para trabajo con Ni\u00f1os, Ni\u00f1as y sus Familias en situaciones de emergencia\u201d, consistente en un set de 12 cartillas con mensajes dirigidos hacia los padres y cuidadores, con ideas sencillas para realizar desde el hogar.<\/p>\n\n\n\n<p>El material did\u00e1ctico comenz\u00f3 a ser entregado a la ciudadan\u00eda, durante la jornada de atenci\u00f3n del Registro Social de Hogares (RSH), que se est\u00e1 llevando a cabo en dependencias de la Escuela Portugal, gracias al trabajo conjunto entre los funcionarios de la Serem\u00eda de Desarrollo Social y Familia, la Direcci\u00f3n de Desarrollo Comunitario del Municipalidad de Punta Arenas y Chile Atiende.<\/p>\n\n\n\n<p>Para la Seremi de Desarrollo Social y Familia, Liz Casanueva, \u201cnuestro desaf\u00edo como adultos es acercarnos a\u00fan m\u00e1s a nuestros ni\u00f1os y ni\u00f1as, y no dar por hecho lo que ellos requieren o necesitan. Debemos reforzar la comunicaci\u00f3n y explicar, de acuerdo a cada edad, sus dudas, teniendo conciencia de no transmitir nuestras propias inquietudes, ya que los ni\u00f1os, ni\u00f1as y adolescentes no podr\u00e1n resolver nuestros problemas\u201d.<\/p>\n\n\n\n<p>Este material se encuentra disponible en la plataforma web de \u201cChile Crece Contigo\u201d (<a href=\"https:\/\/bit.ly\/3hQFO0C\" target=\"_blank\" rel=\"noreferrer noopener\">https:\/\/bit.ly\/3hQFO0C<\/a>) donde se podr\u00e1n descargar las l\u00e1minas did\u00e1cticas sobre consejos para abordar temas como la intolerancia a la lejan\u00eda de los padres, conductas de negaci\u00f3n a la comida, mayores demandas, p\u00e9rdida de algunas habilidades aprendidas, pr\u00e1cticas de juegos violentos, y otras situaciones que origina el miedo y la incertidumbre.<\/p>\n\n\n\n<p>Recordemos que la Fundaci\u00f3n Integra mantiene su \u201cFono Infancia\u201d donde se podr\u00e1 llamar, de manera gratuita, al 800 200 818 para ser atendido por un equipo de psic\u00f3logos y psic\u00f3logas especialistas en temas de infancia y familia. El horario de atenci\u00f3n es de lunes viernes entre las 8:30 y 19:00 horas.<\/p>\n","protected":false},"excerpt":{"rendered":"<p>Producto del confinamiento que ha provocado el Coronavirus, los ni\u00f1os y ni\u00f1as se exponen a un mayor riesgo de sufrir da\u00f1os, provocados desde la violencia intrafamiliar, hasta el propio estr\u00e9s&#8230; <a class=\"read-more\" href=\"https:\/\/www.radiopresidenteibanez.cl\/web\/seremi-de-desarrollo-social-entrega-material-para-el-cuidado-de-ninas-y-ninos-en-la-pandemia\/\">Leer m\u00e1s<\/a><\/p>\n","protected":false},"author":2,"featured_media":12980,"comment_status":"closed","ping_status":"closed","sticky":false,"template":"","format":"standard","meta":{"footnotes":""},"categories":[1],"tags":[],"class_list":["post-12979","post","type-post","status-publish","format-standard","has-post-thumbnail","hentry","category-cronica"],"_links":{"self":[{"href":"https:\/\/www.radiopresidenteibanez.cl\/web\/wp-json\/wp\/v2\/posts\/12979","targetHints":{"allow":["GET"]}}],"collection":[{"href":"https:\/\/www.radiopresidenteibanez.cl\/web\/wp-json\/wp\/v2\/posts"}],"about":[{"href":"https:\/\/www.radiopresidenteibanez.cl\/web\/wp-json\/wp\/v2\/types\/post"}],"author":[{"embeddable":true,"href":"https:\/\/www.radiopresidenteibanez.cl\/web\/wp-json\/wp\/v2\/users\/2"}],"replies":[{"embeddable":true,"href":"https:\/\/www.radiopresidenteibanez.cl\/web\/wp-json\/wp\/v2\/comments?post=12979"}],"version-history":[{"count":0,"href":"https:\/\/www.radiopresidenteibanez.cl\/web\/wp-json\/wp\/v2\/posts\/12979\/revisions"}],"wp:featuredmedia":[{"embeddable":true,"href":"https:\/\/www.radiopresidenteibanez.cl\/web\/wp-json\/wp\/v2\/media\/12980"}],"wp:attachment":[{"href":"https:\/\/www.radiopresidenteibanez.cl\/web\/wp-json\/wp\/v2\/media?parent=12979"}],"wp:term":[{"taxonomy":"category","embeddable":true,"href":"https:\/\/www.radiopresidenteibanez.cl\/web\/wp-json\/wp\/v2\/categories?post=12979"},{"taxonomy":"post_tag","embeddable":true,"href":"https:\/\/www.radiopresidenteibanez.cl\/web\/wp-json\/wp\/v2\/tags?post=12979"}],"curies":[{"name":"wp","href":"https:\/\/api.w.org\/{rel}","templated":true}]}}