{"id":12976,"date":"2020-06-26T12:42:45","date_gmt":"2020-06-26T12:42:45","guid":{"rendered":"https:\/\/www.radiopresidenteibanez.cl\/web\/?p=12976"},"modified":"2020-06-26T12:42:49","modified_gmt":"2020-06-26T12:42:49","slug":"mas-de-761-mil-jovenes-cuentan-con-beneficios-estudiantiles-para-financiar-su-educacion-superior-en-2020","status":"publish","type":"post","link":"https:\/\/www.radiopresidenteibanez.cl\/web\/mas-de-761-mil-jovenes-cuentan-con-beneficios-estudiantiles-para-financiar-su-educacion-superior-en-2020\/","title":{"rendered":"M\u00c1S DE 761 MIL J\u00d3VENES CUENTAN CON BENEFICIOS ESTUDIANTILES PARA FINANCIAR SU EDUCACI\u00d3N SUPERIOR EN 2020"},"content":{"rendered":"\n<p>El Ministerio de Educaci\u00f3n entreg\u00f3 los resultados de la segunda asignaci\u00f3n de beneficios estudiantiles 2020, los resultados de renovaci\u00f3n de beneficios para alumnos antiguos y los resultados para j\u00f3venes que apelaron luego de recibir su primera asignaci\u00f3n en abril. Tras este proceso, 761.300 j\u00f3venes estudiar\u00e1n con gratuidad, becas y\/o cr\u00e9ditos.<\/p>\n\n\n\n<p>Del total de beneficiados, la mitad de los estudiantes (395.171) tiene gratuidad, al cumplir con el requisito socioecon\u00f3mico y estar matriculados en una de las 53 instituciones adscritas al sistema. En tanto, 172.483 tienen becas y 193.646 cr\u00e9ditos Fondo Solidario o con Garant\u00eda Estatal (CAE). \u201cEstamos contentos porque estamos dando apoyo a m\u00e1s de 761 mil j\u00f3venes, lo que significa que dos de cada tres alumnos contar\u00e1n con el apoyo del Estado para cursar sus estudios superiores, lo que representa un enorme esfuerzo, que en t\u00e9rminos de presupuesto del Ministerio de Educaci\u00f3n representa US$ 1.400 millones para gratuidad, becas y el cr\u00e9dito Fondo Solidario\u201d, destac\u00f3 el&nbsp;<strong>subsecretario de Educaci\u00f3n Superior, Juan Eduardo Vargas<\/strong>. M\u00e1s a\u00fan, si se considera el total de beneficiados respecto de la jornada Diurna, se observa que la cifra llega a 630.764, lo que representa el 75% de la matricula Diurna de pregrado.<\/p>\n\n\n\n<p>Por su parte, el&nbsp;<strong>Seremi de Educaci\u00f3n de Magallanes, Rodrigo Sep\u00falveda Tagle<\/strong>, adelant\u00f3 que \u201cpara la Regi\u00f3n de Magallanes, Mineduc entreg\u00f3 4.618 beneficios estudiantiles. De ellos, 2.996 son gratuidad, 1.306 son becas y 316 corresponden a cr\u00e9dito fondo solidario. El detalle de los resultados del Cr\u00e9dito con Garant\u00eda Estatal ser\u00e1 informado directamente por la Comisi\u00f3n Ingresa el 30 de junio pr\u00f3ximo\u201d.<\/p>\n\n\n\n<p>Respecto de los beneficios otorgados por el Mineduc (gratuidad, becas y cr\u00e9dito Fondo Solidario), un 44,8% se entreg\u00f3 a j\u00f3venes matriculados en institutos profesionales y centros de formaci\u00f3n t\u00e9cnica, 55,1% a estudiantes matriculados en universidades, y 0,1% a estudiantes de las escuelas matrices de las FF.AA. Todos los estudiantes pueden revisar sus resultados de gratuidad, becas y cr\u00e9dito Fondo Solidario, desde hoy en&nbsp;<a href=\"http:\/\/www.beneficiosestudiantiles.cl\/\" target=\"_blank\" rel=\"noreferrer noopener\">www.beneficiosestudiantiles.cl<\/a>. En tanto, el detalle de la asignaci\u00f3n sobre el Cr\u00e9dito con Garant\u00eda Estatal (CAE), ser\u00e1 entregado por Comisi\u00f3n Ingresa, el pr\u00f3ximo 30 de junio en el portal&nbsp;<a href=\"http:\/\/www.ingresa.cl\/\" target=\"_blank\" rel=\"noreferrer noopener\">www.ingresa.cl<\/a>.<\/p>\n\n\n\n<p><strong>Apelaci\u00f3n online<\/strong><\/p>\n\n\n\n<p>Adicionalmente, el Mineduc abri\u00f3 hoy un nuevo proceso de apelaci\u00f3n online para quienes obtuvieron un resultado con el cual no est\u00e1n conformes, el cual se extender\u00e1 hasta el 12 de julio. Para esto, los estudiantes deben ingresar al portal de resultados en&nbsp;<a href=\"http:\/\/www.beneficiosestudiantiles.cl\/\" target=\"_blank\" rel=\"noreferrer noopener\">www.beneficiosestudiantiles.cl<\/a>&nbsp;y apelar en la misma plataforma en la que postularon con su RUT y contrase\u00f1a. En este proceso podr\u00e1n apelar tanto aquellos j\u00f3venes que postularon en octubre y noviembre de 2019, y no apelaron en abril, como quienes postularon entre febrero y marzo de este a\u00f1o. Para apelar, hay 13 causales distintas, entre ellas, los cambios en los ingresos de las familias o la cesant\u00eda de alguno de sus integrantes. \u201cLlamamos a los j\u00f3venes cuyas familias se han visto afectadas econ\u00f3micamente por la emergencia que estamos viviendo, a que puedan apelar para que actualicen su informaci\u00f3n econ\u00f3mica respecto de la que informaron cuando postularon y as\u00ed el ministerio pueda asignarles el beneficio que les corresponda en su nueva realidad\u201d, enfatiz\u00f3 el subsecretario Vargas. La gu\u00eda paso a paso para apelar se puede encontrar&nbsp;<a href=\"http:\/\/portal.beneficiosestudiantiles.cl\/sites\/default\/files\/manual_de_apelaciones_junio2020.pdf\" target=\"_blank\" rel=\"noreferrer noopener\">aqu\u00ed<\/a>\u00ad.<\/p>\n","protected":false},"excerpt":{"rendered":"<p>El Ministerio de Educaci\u00f3n entreg\u00f3 los resultados de la segunda asignaci\u00f3n de beneficios estudiantiles 2020, los resultados de renovaci\u00f3n de beneficios para alumnos antiguos y los resultados para j\u00f3venes que&#8230; <a class=\"read-more\" href=\"https:\/\/www.radiopresidenteibanez.cl\/web\/mas-de-761-mil-jovenes-cuentan-con-beneficios-estudiantiles-para-financiar-su-educacion-superior-en-2020\/\">Leer m\u00e1s<\/a><\/p>\n","protected":false},"author":2,"featured_media":12977,"comment_status":"closed","ping_status":"closed","sticky":false,"template":"","format":"standard","meta":{"footnotes":""},"categories":[1],"tags":[],"class_list":["post-12976","post","type-post","status-publish","format-standard","has-post-thumbnail","hentry","category-cronica"],"_links":{"self":[{"href":"https:\/\/www.radiopresidenteibanez.cl\/web\/wp-json\/wp\/v2\/posts\/12976","targetHints":{"allow":["GET"]}}],"collection":[{"href":"https:\/\/www.radiopresidenteibanez.cl\/web\/wp-json\/wp\/v2\/posts"}],"about":[{"href":"https:\/\/www.radiopresidenteibanez.cl\/web\/wp-json\/wp\/v2\/types\/post"}],"author":[{"embeddable":true,"href":"https:\/\/www.radiopresidenteibanez.cl\/web\/wp-json\/wp\/v2\/users\/2"}],"replies":[{"embeddable":true,"href":"https:\/\/www.radiopresidenteibanez.cl\/web\/wp-json\/wp\/v2\/comments?post=12976"}],"version-history":[{"count":0,"href":"https:\/\/www.radiopresidenteibanez.cl\/web\/wp-json\/wp\/v2\/posts\/12976\/revisions"}],"wp:featuredmedia":[{"embeddable":true,"href":"https:\/\/www.radiopresidenteibanez.cl\/web\/wp-json\/wp\/v2\/media\/12977"}],"wp:attachment":[{"href":"https:\/\/www.radiopresidenteibanez.cl\/web\/wp-json\/wp\/v2\/media?parent=12976"}],"wp:term":[{"taxonomy":"category","embeddable":true,"href":"https:\/\/www.radiopresidenteibanez.cl\/web\/wp-json\/wp\/v2\/categories?post=12976"},{"taxonomy":"post_tag","embeddable":true,"href":"https:\/\/www.radiopresidenteibanez.cl\/web\/wp-json\/wp\/v2\/tags?post=12976"}],"curies":[{"name":"wp","href":"https:\/\/api.w.org\/{rel}","templated":true}]}}