{"id":12967,"date":"2020-06-26T12:35:56","date_gmt":"2020-06-26T12:35:56","guid":{"rendered":"https:\/\/www.radiopresidenteibanez.cl\/web\/?p=12967"},"modified":"2020-06-26T12:36:01","modified_gmt":"2020-06-26T12:36:01","slug":"comite-regional-contra-el-trabajo-infantil-define-nueva-estrategia-ante-situacion-de-pandemia","status":"publish","type":"post","link":"https:\/\/www.radiopresidenteibanez.cl\/web\/comite-regional-contra-el-trabajo-infantil-define-nueva-estrategia-ante-situacion-de-pandemia\/","title":{"rendered":"COMIT\u00c9 REGIONAL CONTRA EL TRABAJO INFANTIL DEFINE NUEVA ESTRATEGIA ANTE SITUACI\u00d3N DE PANDEMIA"},"content":{"rendered":"\n<p>En el marco del\nmes contra el Trabajo Infantil, la Seremi del Trabajo convoc\u00f3 el d\u00eda de hoy a\nlas instituciones y servicios que forman parte del Comit\u00e9 regional para la\nErradicaci\u00f3n del Trabajo Infantil, con miras a definir acciones concretas para\nabordar la problem\u00e1tica en la regi\u00f3n en el marco de la actual situaci\u00f3n\necon\u00f3mica que aqueja a las familias producto de la crisis sanitaria.<\/p>\n\n\n\n<p>Seg\u00fan explic\u00f3\nla autoridad laboral, coordinadora de esta mesa de trabajo, el efecto de la\npandemia en la econom\u00eda local podr\u00eda derivar en futuros casos de ni\u00f1os, ni\u00f1as o\nadolescentes realizando trabajos que pueden afectar su salud e integridad, por\nlo cual, se hace urgente establecer medidas para detectar y frenar posibles\nsituaciones de este tipo.<\/p>\n\n\n\n<p>\u201cEl objetivo\ndel encuentro fue establecer l\u00edneas de acci\u00f3n para definir una estrategia\nregional que nos permita pesquisar oportunamente posibles situaciones donde los\nderechos de los ni\u00f1os, ni\u00f1as y adolescentes pudiesen verse vulnerados como\nconsecuencia del trabajo infantil. Sabemos que, por la crisis sanitaria, muchas\nfamilias est\u00e1n atravesando dificultades econ\u00f3micas, lo que aumenta el riesgo de\nque, en un futuro cercano, los menores pudiesen tener que desarrollar trabajos\nremunerados o no remunerados\u201d, explic\u00f3 la secretaria regional del Trabajo,\nVictoria Cort\u00e9s.<\/p>\n\n\n\n<p>En ese sentido,\nse definieron dos l\u00edneas de acci\u00f3n, seg\u00fan inform\u00f3 Cort\u00e9s. Por un lado, el\nendurecimiento de los programas de fiscalizaci\u00f3n relacionados con Trabajo\nInfantil y, por otro, la coordinaci\u00f3n con las Oficinas de Protecci\u00f3n de\nDerechos (OPD) y autoridades comunales de toda la regi\u00f3n, con foco en las\ncomunas rurales, donde se estima una mayor presencia de casos de trabajo\ninfantil, seg\u00fan el \u00edndice de vulnerabilidad realizado por el Ministerio del\nTrabajo.<\/p>\n\n\n\n<p>Al respecto, el\nSeremi de Justicia y D.D.H.H., Fabi\u00e1n Mella, activo participante de la Mesa\ncontra el Trabajo Infantil, expres\u00f3 que en este nuevo encuentro \u201ctodos los\nactores de esta red pudimos conocer nuevas experiencias y establecer\nlineamientos para desarrollar una pol\u00edtica regional contra esta actividad que\nva en perjuicio de nuestros, ni\u00f1os, ni\u00f1as y adolescentes. El trabajo infantil,\na veces, est\u00e1 invisibilizado y, por eso, debemos ser capaces de detectarlo\u201d.<\/p>\n\n\n\n<p>Todos los\nservicios participantes establecieron compromisos concretos a fin de seguir\nestas l\u00edneas de acci\u00f3n y, en paralelo, reactivar campa\u00f1as comunicacionales que,\nen esta ocasi\u00f3n, puedan llegar a todos los rincones de la regi\u00f3n, incluyendo\nlas comunas m\u00e1s alejadas de los centros urbanos.<\/p>\n\n\n\n<p>Para ello, ser\u00e1\nclave el apoyo de los encargados de la OPD Magallanes, dependiente de la\nGobernaci\u00f3n de Magallanes, quienes pusieron a disposici\u00f3n las herramientas con\nlas que han trabajado hasta el momento para llegar a las comunas rurales de\nesta provincia.<\/p>\n\n\n\n<p>Adem\u00e1s de las\nreparticiones ya mencionadas, al encuentro se sumaron Jonathan Hern\u00e1ndez y\nPaula Turina, de la OPD Magallanes; Carlo Gorziglia, director regional del\nTrabajo; Marcelo Trivi\u00f1o, director regional del Instituto de Seguridad Laboral\n(ISL); Liliana Salazar de Corporaci\u00f3n Opci\u00f3n; Fernando Gonz\u00e1lez, de la Polic\u00eda\nde Investigaciones (PDI) de Punta Arenas; Marcela Mella de Sename; Marisol\nP\u00e9rez de Fundaci\u00f3n Integra y Carolina Vidal de Sernatur.<\/p>\n","protected":false},"excerpt":{"rendered":"<p>En el marco del mes contra el Trabajo Infantil, la Seremi del Trabajo convoc\u00f3 el d\u00eda de hoy a las instituciones y servicios que forman parte del Comit\u00e9 regional para&#8230; <a class=\"read-more\" href=\"https:\/\/www.radiopresidenteibanez.cl\/web\/comite-regional-contra-el-trabajo-infantil-define-nueva-estrategia-ante-situacion-de-pandemia\/\">Leer m\u00e1s<\/a><\/p>\n","protected":false},"author":2,"featured_media":12968,"comment_status":"closed","ping_status":"closed","sticky":false,"template":"","format":"standard","meta":{"footnotes":""},"categories":[1],"tags":[],"class_list":["post-12967","post","type-post","status-publish","format-standard","has-post-thumbnail","hentry","category-cronica"],"_links":{"self":[{"href":"https:\/\/www.radiopresidenteibanez.cl\/web\/wp-json\/wp\/v2\/posts\/12967","targetHints":{"allow":["GET"]}}],"collection":[{"href":"https:\/\/www.radiopresidenteibanez.cl\/web\/wp-json\/wp\/v2\/posts"}],"about":[{"href":"https:\/\/www.radiopresidenteibanez.cl\/web\/wp-json\/wp\/v2\/types\/post"}],"author":[{"embeddable":true,"href":"https:\/\/www.radiopresidenteibanez.cl\/web\/wp-json\/wp\/v2\/users\/2"}],"replies":[{"embeddable":true,"href":"https:\/\/www.radiopresidenteibanez.cl\/web\/wp-json\/wp\/v2\/comments?post=12967"}],"version-history":[{"count":0,"href":"https:\/\/www.radiopresidenteibanez.cl\/web\/wp-json\/wp\/v2\/posts\/12967\/revisions"}],"wp:featuredmedia":[{"embeddable":true,"href":"https:\/\/www.radiopresidenteibanez.cl\/web\/wp-json\/wp\/v2\/media\/12968"}],"wp:attachment":[{"href":"https:\/\/www.radiopresidenteibanez.cl\/web\/wp-json\/wp\/v2\/media?parent=12967"}],"wp:term":[{"taxonomy":"category","embeddable":true,"href":"https:\/\/www.radiopresidenteibanez.cl\/web\/wp-json\/wp\/v2\/categories?post=12967"},{"taxonomy":"post_tag","embeddable":true,"href":"https:\/\/www.radiopresidenteibanez.cl\/web\/wp-json\/wp\/v2\/tags?post=12967"}],"curies":[{"name":"wp","href":"https:\/\/api.w.org\/{rel}","templated":true}]}}