{"id":12964,"date":"2020-06-26T12:34:30","date_gmt":"2020-06-26T12:34:30","guid":{"rendered":"https:\/\/www.radiopresidenteibanez.cl\/web\/?p=12964"},"modified":"2020-06-26T12:34:34","modified_gmt":"2020-06-26T12:34:34","slug":"ministerio-de-las-culturas-estrena-tercera-temporada-de-serie-documental-con-obras-ganadoras-del-fondart","status":"publish","type":"post","link":"https:\/\/www.radiopresidenteibanez.cl\/web\/ministerio-de-las-culturas-estrena-tercera-temporada-de-serie-documental-con-obras-ganadoras-del-fondart\/","title":{"rendered":"MINISTERIO DE LAS CULTURAS ESTRENA TERCERA TEMPORADA DE SERIE DOCUMENTAL CON OBRAS GANADORAS DEL FONDART"},"content":{"rendered":"\n<p>Una innovadora propuesta del Ministerio de las Culturas,\nlas Artes y el Patrimonio se estrena este viernes 26 de junio en redes\ndigitales a trav\u00e9s de la plataforma Elige Cultura. Se trata de una idea\noriginal y producci\u00f3n propia, realizada a trav\u00e9s del Programa de Difusi\u00f3n del\nFondart, que busca dar a conocer las obras que son resultado de los proyectos ganadores\ndel concurso. Ya registra 24 cap\u00edtulos en tres temporadas (2018, 2019 y 2020).<\/p>\n\n\n\n<p>Con la producci\u00f3n de estas piezas audiovisuales, el\nMinisterio de las Culturas apuesta por diversificar sus canales de difusi\u00f3n y\nacceso, con un formato de televisi\u00f3n familiar, narrando de forma sencilla y\ntestimonial grandes obras de arte y proyectos culturales.<\/p>\n\n\n\n<p>La ministra de las Culturas, Consuelo Vald\u00e9s, destaca\nque \u201cesta serie de cortos documentales rescata proyectos financiados a trav\u00e9s\ndel Fondart, que est\u00e1n en directa relaci\u00f3n con nuestro foco en la descentralizaci\u00f3n\ncultural, aspecto que aqu\u00ed se plasma con mucha claridad. <em>Plan F <\/em>da cuenta de una enorme diversidad territorial y una riqueza\nno solo de paisaje sino tambi\u00e9n de diferentes expresiones culturales y\nart\u00edsticas en todo Chile. Aqu\u00ed el espectador encontrar\u00e1 motivaciones para\nacercarse a ver arte pero tambi\u00e9n para crear y acceder a nuestro concurso\np\u00fablico de arte y cultura m\u00e1s antiguo y emblem\u00e1tico\u201d.<\/p>\n\n\n\n<p>Bajo la producci\u00f3n ejecutiva del Fondart y con diversos\nequipos de audiovisualitas, el Ministerio de las Culturas, las Artes y el\nPatrimonio crea un registro que da a conocer los proyectos que financian estos\nfondos de arte y cultura. Son breves cap\u00edtulos de entre 10 y 14 minutos que\nentregan una mirada distinta de las creadoras y creadores chilenos. <\/p>\n\n\n\n<p>En la tercera temporada (2020), a modo de reflejo de\nnuestra sociedad actual, <em>Plan F<\/em>\nmuestra nuevos contrastes y mestizajes recorriendo el pa\u00eds desde Iquique a\nPunta Arenas, pasando Coquimbo, Quinchamal\u00ed, Concepci\u00f3n y tambi\u00e9n Santiago y\nsus alrededores. Una conjugaci\u00f3n de paisajes, t\u00e9cnicas y tecnolog\u00edas que complementan\nlas miradas de la artesan\u00eda, la fotograf\u00eda, la cultura popular, las culturas\nmigrantes, los mensajes de ilusi\u00f3n desde la infancia y las artes visuales y\nesc\u00e9nicas.<\/p>\n\n\n\n<p>As\u00ed, se conocer\u00e1 &nbsp;la resignificaci\u00f3n de la espiritualidad y\nexistencia del ser humano en \u201cInfinito\u201d, una obra que une circo, teatro, danza\ny <em>mapping<\/em> en la ciudad de Coquimbo;\nla remasterizaci\u00f3n de una obra que ya es patrimonio esc\u00e9nico chileno, \u201cMaleza\u201d,\ncon su mezcla de t\u00e9cnicas de s<em>top motion <\/em>y\nteatro; las historias detr\u00e1s del fotolibro de las schoper\u00edas iquique\u00f1as, que\nrevalida lugares cl\u00e1sicos e invisibilizados en \u201cIquique en Estado de Schop\u201d; el\nestudio cient\u00edfico, art\u00edstico y social de \u201cLa guitarrera que no existe\u201d releva\nla cl\u00e1sica figura artesanal de Quinchamal\u00ed con nuevas representaciones de lo\nfemenino.<\/p>\n\n\n\n<p>Tambi\u00e9n est\u00e1 la\nprimera obra familiar de la compa\u00f1\u00eda de teatro La Patri\u00f3tico Interesante, \u201cMi\nfuego\u201d, que es una f\u00e1bula sobre la p\u00e9rdida de la pasi\u00f3n para hacer las cosas a\nmedida que crecemos; en \u201cMigrarte\u201d visitaremos un taller de pintura sobre la identidad\ny recuerdos de ni\u00f1as y ni\u00f1os migrantes en la Regi\u00f3n del Biob\u00edo; \u201cLa vida\nilustrada de Miguel Serrano\u201d, un proyecto de artes visuales que crece a medida\nque se desarrolla y termina convirti\u00e9ndose en el inicio de un guion\ncinematogr\u00e1fico a mano de los autores de <em>La\ncasa Lobo<\/em>; y cerramos la temporada en el extremo austral con el \u201cPasacalles\npor la migraci\u00f3n\u201d, que llenar\u00e1 de ritmo y colores nortinos el fr\u00edo paisaje\nmagall\u00e1nico.<\/p>\n","protected":false},"excerpt":{"rendered":"<p>Una innovadora propuesta del Ministerio de las Culturas, las Artes y el Patrimonio se estrena este viernes 26 de junio en redes digitales a trav\u00e9s de la plataforma Elige Cultura&#8230;. <a class=\"read-more\" href=\"https:\/\/www.radiopresidenteibanez.cl\/web\/ministerio-de-las-culturas-estrena-tercera-temporada-de-serie-documental-con-obras-ganadoras-del-fondart\/\">Leer m\u00e1s<\/a><\/p>\n","protected":false},"author":2,"featured_media":12965,"comment_status":"closed","ping_status":"closed","sticky":false,"template":"","format":"standard","meta":{"footnotes":""},"categories":[1],"tags":[],"class_list":["post-12964","post","type-post","status-publish","format-standard","has-post-thumbnail","hentry","category-cronica"],"_links":{"self":[{"href":"https:\/\/www.radiopresidenteibanez.cl\/web\/wp-json\/wp\/v2\/posts\/12964","targetHints":{"allow":["GET"]}}],"collection":[{"href":"https:\/\/www.radiopresidenteibanez.cl\/web\/wp-json\/wp\/v2\/posts"}],"about":[{"href":"https:\/\/www.radiopresidenteibanez.cl\/web\/wp-json\/wp\/v2\/types\/post"}],"author":[{"embeddable":true,"href":"https:\/\/www.radiopresidenteibanez.cl\/web\/wp-json\/wp\/v2\/users\/2"}],"replies":[{"embeddable":true,"href":"https:\/\/www.radiopresidenteibanez.cl\/web\/wp-json\/wp\/v2\/comments?post=12964"}],"version-history":[{"count":0,"href":"https:\/\/www.radiopresidenteibanez.cl\/web\/wp-json\/wp\/v2\/posts\/12964\/revisions"}],"wp:featuredmedia":[{"embeddable":true,"href":"https:\/\/www.radiopresidenteibanez.cl\/web\/wp-json\/wp\/v2\/media\/12965"}],"wp:attachment":[{"href":"https:\/\/www.radiopresidenteibanez.cl\/web\/wp-json\/wp\/v2\/media?parent=12964"}],"wp:term":[{"taxonomy":"category","embeddable":true,"href":"https:\/\/www.radiopresidenteibanez.cl\/web\/wp-json\/wp\/v2\/categories?post=12964"},{"taxonomy":"post_tag","embeddable":true,"href":"https:\/\/www.radiopresidenteibanez.cl\/web\/wp-json\/wp\/v2\/tags?post=12964"}],"curies":[{"name":"wp","href":"https:\/\/api.w.org\/{rel}","templated":true}]}}