{"id":12961,"date":"2020-06-26T12:32:37","date_gmt":"2020-06-26T12:32:37","guid":{"rendered":"https:\/\/www.radiopresidenteibanez.cl\/web\/?p=12961"},"modified":"2020-06-26T12:32:41","modified_gmt":"2020-06-26T12:32:41","slug":"1-767-hogares-recibieron-el-segundo-pago-del-ingreso-familiar-de-emergencia-con-nuevos-montos","status":"publish","type":"post","link":"https:\/\/www.radiopresidenteibanez.cl\/web\/1-767-hogares-recibieron-el-segundo-pago-del-ingreso-familiar-de-emergencia-con-nuevos-montos\/","title":{"rendered":"1.767 HOGARES RECIBIERON EL SEGUNDO PAGO DEL INGRESO FAMILIAR DE EMERGENCIA CON NUEVOS MONTOS"},"content":{"rendered":"\n<p>El Ministro de Desarrollo Social y Familia, Cristi\u00e1n Monckeberg, se reuni\u00f3 hoy en Santiago con familias beneficiarias del Ingreso Familiar de Emergencia (IFE), beneficio que a partir de hoy ya incorpora los cambios introducidos que aumentan los montos y cobertura.<\/p>\n\n\n\n<p>\u201cEste es el primer pago con los nuevos montos del Nuevo Ingreso Familiar de Emergencia. Son $100 mil pesos por integrante en un hogar de hasta cuatro personas. Le estamos pagando a 400 mil familias de las que ya ten\u00edamos informaci\u00f3n de pago, que hab\u00edan recibido beneficios del Estado y que viv\u00edan solo de ingresos formales, por tanto, son las familias m\u00e1s necesitadas\u201d, sostuvo el Ministro Monckeberg .<\/p>\n\n\n\n<p>En Magallanes, la Seremi de Desarrollo Social y Familia, Liz Casanueva se\u00f1al\u00f3 para llegar a m\u00e1s personas, \u201campliamos el plazo para los que no recibieron el primer pago, y tambi\u00e9n el plazo para postular al segundo pago. Para recibir este beneficio es importante tener actualizado el Registro Social de Hogares, gesti\u00f3n que se puede realizar con la ayuda de los funcionarios p\u00fablicos, en terreno, que se encuentran en la Escuela Portugal de la ciudad. Esto tambi\u00e9n se puede hacer directamente en el sitio web&nbsp;<a href=\"http:\/\/registrosocial.gob.cl\/\" target=\"_blank\" rel=\"noreferrer noopener\">registrosocial.gob.cl<\/a>\u201d.<\/p>\n\n\n\n<p><strong>A partir hoy reciben el IFE los hogares:<\/strong><\/p>\n\n\n\n<p>\u2022&nbsp;&nbsp;&nbsp;&nbsp;&nbsp;&nbsp;&nbsp;&nbsp;&nbsp;Sin ingresos formales<\/p>\n\n\n\n<p>\u2022&nbsp;&nbsp;&nbsp;&nbsp;&nbsp;&nbsp;&nbsp;&nbsp;&nbsp;Que ya han recibido beneficios del Estado<\/p>\n\n\n\n<p>\u2022&nbsp;&nbsp;&nbsp;&nbsp;&nbsp;&nbsp;&nbsp;&nbsp;&nbsp;Familias donde ya existe su informaci\u00f3n de pago<\/p>\n\n\n\n<p>De los m\u00e1s de 400 mil hogares que comenzar\u00e1n a recibir este segundo pago a partir de hoy, 1.345.195 personas, de los cuales 812.805 son mujeres, mientras que casi el 69% corresponde a regiones.<\/p>\n\n\n\n<p><strong>\u00bfHasta cu\u00e1ndo se puede postular al segundo pago?<\/strong><\/p>\n\n\n\n<p>La nueva ley ampli\u00f3 el plazo hasta el 9 de julio.<\/p>\n\n\n\n<p>El segundo grupo recibir\u00e1 pagos sucesivos hasta el 10 de julio considerando a:<\/p>\n\n\n\n<p>\u2022&nbsp;&nbsp;&nbsp;&nbsp;&nbsp;&nbsp;&nbsp;&nbsp;&nbsp;Hogares con ingresos formales bajo el umbral establecido.<\/p>\n\n\n\n<p>\u2022&nbsp;&nbsp;&nbsp;Quienes tienen ingresos formales y recibieron el primer pago autom\u00e1tico. Su beneficio ser\u00e1&nbsp;recalculado al alza, es decir, con los nuevos montos del IFE.<\/p>\n\n\n\n<p>\u2022&nbsp;&nbsp;&nbsp;&nbsp;&nbsp;&nbsp;&nbsp;&nbsp;&nbsp;Pensiones B\u00e1sicas Solidarias de Vejez y Pensiones B\u00e1sicas Solidarias de Invalidez.<\/p>\n\n\n\n<p>\u2022&nbsp;&nbsp;&nbsp;&nbsp;&nbsp;&nbsp;&nbsp;&nbsp;&nbsp;Quienes postulen antes del 29 de junio.<\/p>\n","protected":false},"excerpt":{"rendered":"<p>El Ministro de Desarrollo Social y Familia, Cristi\u00e1n Monckeberg, se reuni\u00f3 hoy en Santiago con familias beneficiarias del Ingreso Familiar de Emergencia (IFE), beneficio que a partir de hoy ya&#8230; <a class=\"read-more\" href=\"https:\/\/www.radiopresidenteibanez.cl\/web\/1-767-hogares-recibieron-el-segundo-pago-del-ingreso-familiar-de-emergencia-con-nuevos-montos\/\">Leer m\u00e1s<\/a><\/p>\n","protected":false},"author":2,"featured_media":12962,"comment_status":"closed","ping_status":"closed","sticky":false,"template":"","format":"standard","meta":{"footnotes":""},"categories":[1],"tags":[],"class_list":["post-12961","post","type-post","status-publish","format-standard","has-post-thumbnail","hentry","category-cronica"],"_links":{"self":[{"href":"https:\/\/www.radiopresidenteibanez.cl\/web\/wp-json\/wp\/v2\/posts\/12961","targetHints":{"allow":["GET"]}}],"collection":[{"href":"https:\/\/www.radiopresidenteibanez.cl\/web\/wp-json\/wp\/v2\/posts"}],"about":[{"href":"https:\/\/www.radiopresidenteibanez.cl\/web\/wp-json\/wp\/v2\/types\/post"}],"author":[{"embeddable":true,"href":"https:\/\/www.radiopresidenteibanez.cl\/web\/wp-json\/wp\/v2\/users\/2"}],"replies":[{"embeddable":true,"href":"https:\/\/www.radiopresidenteibanez.cl\/web\/wp-json\/wp\/v2\/comments?post=12961"}],"version-history":[{"count":0,"href":"https:\/\/www.radiopresidenteibanez.cl\/web\/wp-json\/wp\/v2\/posts\/12961\/revisions"}],"wp:featuredmedia":[{"embeddable":true,"href":"https:\/\/www.radiopresidenteibanez.cl\/web\/wp-json\/wp\/v2\/media\/12962"}],"wp:attachment":[{"href":"https:\/\/www.radiopresidenteibanez.cl\/web\/wp-json\/wp\/v2\/media?parent=12961"}],"wp:term":[{"taxonomy":"category","embeddable":true,"href":"https:\/\/www.radiopresidenteibanez.cl\/web\/wp-json\/wp\/v2\/categories?post=12961"},{"taxonomy":"post_tag","embeddable":true,"href":"https:\/\/www.radiopresidenteibanez.cl\/web\/wp-json\/wp\/v2\/tags?post=12961"}],"curies":[{"name":"wp","href":"https:\/\/api.w.org\/{rel}","templated":true}]}}