{"id":1296,"date":"2019-02-10T17:06:57","date_gmt":"2019-02-10T17:06:57","guid":{"rendered":"http:\/\/www.radiopresidenteibanez.cl\/web\/?p=1296"},"modified":"2019-02-10T17:07:20","modified_gmt":"2019-02-10T17:07:20","slug":"mas-de-1-700-metros-cuadrados-de-construccion-tendra-la-remodelacion-total-del-club-deportivo-natales","status":"publish","type":"post","link":"https:\/\/www.radiopresidenteibanez.cl\/web\/mas-de-1-700-metros-cuadrados-de-construccion-tendra-la-remodelacion-total-del-club-deportivo-natales\/","title":{"rendered":"M\u00c1S DE 1.700 METROS CUADRADOS DE CONSTRUCCI\u00d3N TENDR\u00c1 LA REMODELACI\u00d3N TOTAL DEL CLUB DEPORTIVO NATALES"},"content":{"rendered":"\n<p>Un visita a los trabajos que se efect\u00faan al Club Deportivo Natales,\nrealiz\u00f3 el Acalde de la Comuna, Fernando Paredes Mansilla, junto a un grupo de\ndirigentes de esta instituci\u00f3n y ver en terreno el grado de avance de los\ntrabajos que se evidencian, con lo que se estima que el \u00faltimo trimestre del\na\u00f1o en curso pueda ser entregada a la comunidad &nbsp;que, entre otros, contempla la remodelaci\u00f3n\ndel gimnasio y la sede social. <\/p>\n\n\n\n<p>Una vez finalizado el recorrido por los trabajos que realiza la empresa\nconstructora Jos\u00e9 Cuevas, el Presidente del Concejo Municipal de Natales,\nFernando Paredes Mansilla, convers\u00f3 con los medios, a quienes les entreg\u00f3 su\nvisi\u00f3n del grado de avance y de la importancia que tiene para Natales este\nproyecto; el que a su juicio, viene a hacer un merecido reconocimiento que la\ncomunidad entrega a este club, recordando que hasta hace un tiempo, no muy\nlejano, este club y en particular su gimnasio era el escenario de la gran\nmayor\u00eda de las actividades deportivas, culturales y de encuentro que ten\u00edan los\nvecinos de la ciudad. \u201cPor muchos a\u00f1os este club y el gimnasio se abri\u00f3 a la\ncomunidad, entonces como no reconocer ese hecho y retribuir con un trabajo\nmunicipal al realizar este proyecto y pedir fondos regionales para se haga una\nobra que testimonie &nbsp;el reconocimiento al\ntremendo trabajo y aporte que ha hecho este club al desarrollo de Natales\u2026\u201d.<\/p>\n\n\n\n<p>M\u00e1s adelante la primera autoridad de Natales,\ndijo que aqu\u00ed junto con la remodelaci\u00f3n total de lo que exist\u00eda se est\u00e1 utilizando\nun sitio (por calle Magallanes) que por a\u00f1os el club estaba esperando utilizar\ny que hoy en \u00e9l se est\u00e1 \u2013entre otros- ampliando el gimnasio y construyendo\nespacios donde se podr\u00e1n realizar una serie de otras actividades recreativas y\nculturales. Acotando adem\u00e1s que, al iniciar las obras se pudo evidenciar el\nestado de la antigua estructura que dejo ver su desgaste y cumplimiento de vida\n\u00fatil que solo les pudo llevar a cambiar todo y hacer las cosas como se deben y\nno estar en un tiempo no muy lejano haciendo m\u00e1s proyectos para mejorar\nnuevamente el recinto, \u201caqu\u00ed se va a respetar la fachada del club, que\nclaramente es parte de la historia de Natales y hoy se realiza un proyecto que\npor los pr\u00f3ximos 50 a\u00f1os no deber\u00eda tener inconvenientes en su infraestructura;\npor ello he solicitado rigurosidad profesional y t\u00e9cnica que entregue seguridad\na los socios y dirigentes del club que aqu\u00ed se est\u00e1 haciendo una gran obra en\nbeneficio de ellos y la comunidad\u201d.<\/p>\n\n\n\n<p>El proyecto corresponde ampliar m\u00e1s de 800 metros cuadrados, los que sumados a los 973 m2,\u00a0 el Club Natales ganar\u00e1 y superar\u00e1 los 1.700 metros cuadrados de construcci\u00f3n a trav\u00e9s de una inversi\u00f3n de $1.794.023, gestionados por el municipio de Natales ante el Gobierno Regional de Magallanes y el Consejo Regional. <\/p>\n\n\n\n<ul class=\"wp-block-gallery columns-2 is-cropped wp-block-gallery-1 is-layout-flex wp-block-gallery-is-layout-flex\"><li class=\"blocks-gallery-item\"><figure><img loading=\"lazy\" decoding=\"async\" width=\"1024\" height=\"575\" src=\"https:\/\/www.radiopresidenteibanez.cl\/web\/wp-content\/uploads\/2019\/02\/039A8183-1024x575.jpg\" alt=\"\" data-id=\"1297\" data-link=\"https:\/\/www.radiopresidenteibanez.cl\/web\/?attachment_id=1297\" class=\"wp-image-1297\" srcset=\"https:\/\/www.radiopresidenteibanez.cl\/web\/wp-content\/uploads\/2019\/02\/039A8183.jpg 1024w, https:\/\/www.radiopresidenteibanez.cl\/web\/wp-content\/uploads\/2019\/02\/039A8183-300x168.jpg 300w, https:\/\/www.radiopresidenteibanez.cl\/web\/wp-content\/uploads\/2019\/02\/039A8183-768x431.jpg 768w\" sizes=\"auto, (max-width: 1024px) 100vw, 1024px\" \/><\/figure><\/li><li class=\"blocks-gallery-item\"><figure><img loading=\"lazy\" decoding=\"async\" width=\"1024\" height=\"683\" src=\"https:\/\/www.radiopresidenteibanez.cl\/web\/wp-content\/uploads\/2019\/02\/039A8207-1024x683.jpg\" alt=\"\" data-id=\"1298\" data-link=\"https:\/\/www.radiopresidenteibanez.cl\/web\/?attachment_id=1298\" class=\"wp-image-1298\" srcset=\"https:\/\/www.radiopresidenteibanez.cl\/web\/wp-content\/uploads\/2019\/02\/039A8207.jpg 1024w, https:\/\/www.radiopresidenteibanez.cl\/web\/wp-content\/uploads\/2019\/02\/039A8207-300x200.jpg 300w, https:\/\/www.radiopresidenteibanez.cl\/web\/wp-content\/uploads\/2019\/02\/039A8207-768x512.jpg 768w\" sizes=\"auto, (max-width: 1024px) 100vw, 1024px\" \/><\/figure><\/li><li class=\"blocks-gallery-item\"><figure><img loading=\"lazy\" decoding=\"async\" width=\"1024\" height=\"683\" src=\"https:\/\/www.radiopresidenteibanez.cl\/web\/wp-content\/uploads\/2019\/02\/039A8210-1024x683.jpg\" alt=\"\" data-id=\"1299\" data-link=\"https:\/\/www.radiopresidenteibanez.cl\/web\/?attachment_id=1299\" class=\"wp-image-1299\" srcset=\"https:\/\/www.radiopresidenteibanez.cl\/web\/wp-content\/uploads\/2019\/02\/039A8210.jpg 1024w, https:\/\/www.radiopresidenteibanez.cl\/web\/wp-content\/uploads\/2019\/02\/039A8210-300x200.jpg 300w, https:\/\/www.radiopresidenteibanez.cl\/web\/wp-content\/uploads\/2019\/02\/039A8210-768x512.jpg 768w\" sizes=\"auto, (max-width: 1024px) 100vw, 1024px\" \/><\/figure><\/li><\/ul>\n","protected":false},"excerpt":{"rendered":"<p>Un visita a los trabajos que se efect\u00faan al Club Deportivo Natales, realiz\u00f3 el Acalde de la Comuna, Fernando Paredes Mansilla, junto a un grupo de dirigentes de esta instituci\u00f3n&#8230; <a class=\"read-more\" href=\"https:\/\/www.radiopresidenteibanez.cl\/web\/mas-de-1-700-metros-cuadrados-de-construccion-tendra-la-remodelacion-total-del-club-deportivo-natales\/\">Leer m\u00e1s<\/a><\/p>\n","protected":false},"author":2,"featured_media":1297,"comment_status":"closed","ping_status":"closed","sticky":false,"template":"","format":"standard","meta":{"footnotes":""},"categories":[1],"tags":[],"class_list":["post-1296","post","type-post","status-publish","format-standard","has-post-thumbnail","hentry","category-cronica"],"_links":{"self":[{"href":"https:\/\/www.radiopresidenteibanez.cl\/web\/wp-json\/wp\/v2\/posts\/1296","targetHints":{"allow":["GET"]}}],"collection":[{"href":"https:\/\/www.radiopresidenteibanez.cl\/web\/wp-json\/wp\/v2\/posts"}],"about":[{"href":"https:\/\/www.radiopresidenteibanez.cl\/web\/wp-json\/wp\/v2\/types\/post"}],"author":[{"embeddable":true,"href":"https:\/\/www.radiopresidenteibanez.cl\/web\/wp-json\/wp\/v2\/users\/2"}],"replies":[{"embeddable":true,"href":"https:\/\/www.radiopresidenteibanez.cl\/web\/wp-json\/wp\/v2\/comments?post=1296"}],"version-history":[{"count":0,"href":"https:\/\/www.radiopresidenteibanez.cl\/web\/wp-json\/wp\/v2\/posts\/1296\/revisions"}],"wp:featuredmedia":[{"embeddable":true,"href":"https:\/\/www.radiopresidenteibanez.cl\/web\/wp-json\/wp\/v2\/media\/1297"}],"wp:attachment":[{"href":"https:\/\/www.radiopresidenteibanez.cl\/web\/wp-json\/wp\/v2\/media?parent=1296"}],"wp:term":[{"taxonomy":"category","embeddable":true,"href":"https:\/\/www.radiopresidenteibanez.cl\/web\/wp-json\/wp\/v2\/categories?post=1296"},{"taxonomy":"post_tag","embeddable":true,"href":"https:\/\/www.radiopresidenteibanez.cl\/web\/wp-json\/wp\/v2\/tags?post=1296"}],"curies":[{"name":"wp","href":"https:\/\/api.w.org\/{rel}","templated":true}]}}