{"id":12958,"date":"2020-06-26T12:29:29","date_gmt":"2020-06-26T12:29:29","guid":{"rendered":"https:\/\/www.radiopresidenteibanez.cl\/web\/?p=12958"},"modified":"2020-06-26T12:29:38","modified_gmt":"2020-06-26T12:29:38","slug":"ministro-baldo-prokurica-pide-a-las-faenas-mineras-extremar-los-protocolos-de-seguridad-y-a-los-trabajadores-denunciar-en-caso-de-incumplimientos","status":"publish","type":"post","link":"https:\/\/www.radiopresidenteibanez.cl\/web\/ministro-baldo-prokurica-pide-a-las-faenas-mineras-extremar-los-protocolos-de-seguridad-y-a-los-trabajadores-denunciar-en-caso-de-incumplimientos\/","title":{"rendered":"MINISTRO BALDO PROKURICA PIDE A LAS FAENAS MINERAS EXTREMAR LOS PROTOCOLOS DE SEGURIDAD Y A LOS TRABAJADORES DENUNCIAR EN CASO DE INCUMPLIMIENTOS"},"content":{"rendered":"\n<p>El ministro de Miner\u00eda, Baldo Prokurica, reforz\u00f3 el\nllamado para que las operaciones en la miner\u00eda se realicen bajo estrictas\nmedidas de seguridad, cumpliendo cada uno de los protocolos internos, implementados\nen las empresas de la industria.<\/p>\n\n\n\n<p>De esta manera, el secretario de Estado, se\u00f1al\u00f3 que\n\u201cla prevenci\u00f3n del Coronavirus es una tarea m\u00e1s dentro del trabajo diario que\nse realiza en miner\u00eda y por ello involucra a todos sus actores. En caso que\nnuestros fiscalizadores, dirigentes del sector o trabajadores identifiquen una\nirregularidad en el cumplimiento de las medidas tienen el derecho y el deber de\nrealizar la denuncia respectiva a la p\u00e1gina oirs.sernageomin.cl\u201d.<\/p>\n\n\n\n<p>El sitio web, dependiente del Servicio Nacional de\nGeolog\u00eda y Miner\u00eda, presenta un formulario para indicar el tipo de solicitud\n(denuncia), a qu\u00e9 \u00e1rea corresponde (miner\u00eda) y una extensi\u00f3n de hasta 9 mil\ncaracteres para describir las eventuales irregularidades.<\/p>\n\n\n\n<p>De esta manera, el ministro Prokurica ratific\u00f3 una vez\nm\u00e1s su compromiso para enfrentar esta pandemia y agreg\u00f3 que \u201ctal como lo se\u00f1al\u00e9\nhace unos d\u00edas, la labor de fiscalizaci\u00f3n contin\u00faa a diario y ya alcanzamos 4.756\ninspecciones en 1.471 faenas, que corresponden al 47,5% de nuestra meta anual.\nSon cifras positivas que nos impulsan como Gobierno a seguir trabajando con m\u00e1s\nfuerza. La miner\u00eda se cuida y m\u00e1s a\u00fan cuando sabemos que permite financiar el\n25% del gasto social del pa\u00eds\u201d.<\/p>\n","protected":false},"excerpt":{"rendered":"<p>El ministro de Miner\u00eda, Baldo Prokurica, reforz\u00f3 el llamado para que las operaciones en la miner\u00eda se realicen bajo estrictas medidas de seguridad, cumpliendo cada uno de los protocolos internos,&#8230; <a class=\"read-more\" href=\"https:\/\/www.radiopresidenteibanez.cl\/web\/ministro-baldo-prokurica-pide-a-las-faenas-mineras-extremar-los-protocolos-de-seguridad-y-a-los-trabajadores-denunciar-en-caso-de-incumplimientos\/\">Leer m\u00e1s<\/a><\/p>\n","protected":false},"author":2,"featured_media":12959,"comment_status":"closed","ping_status":"closed","sticky":false,"template":"","format":"standard","meta":{"footnotes":""},"categories":[1],"tags":[],"class_list":["post-12958","post","type-post","status-publish","format-standard","has-post-thumbnail","hentry","category-cronica"],"_links":{"self":[{"href":"https:\/\/www.radiopresidenteibanez.cl\/web\/wp-json\/wp\/v2\/posts\/12958","targetHints":{"allow":["GET"]}}],"collection":[{"href":"https:\/\/www.radiopresidenteibanez.cl\/web\/wp-json\/wp\/v2\/posts"}],"about":[{"href":"https:\/\/www.radiopresidenteibanez.cl\/web\/wp-json\/wp\/v2\/types\/post"}],"author":[{"embeddable":true,"href":"https:\/\/www.radiopresidenteibanez.cl\/web\/wp-json\/wp\/v2\/users\/2"}],"replies":[{"embeddable":true,"href":"https:\/\/www.radiopresidenteibanez.cl\/web\/wp-json\/wp\/v2\/comments?post=12958"}],"version-history":[{"count":0,"href":"https:\/\/www.radiopresidenteibanez.cl\/web\/wp-json\/wp\/v2\/posts\/12958\/revisions"}],"wp:featuredmedia":[{"embeddable":true,"href":"https:\/\/www.radiopresidenteibanez.cl\/web\/wp-json\/wp\/v2\/media\/12959"}],"wp:attachment":[{"href":"https:\/\/www.radiopresidenteibanez.cl\/web\/wp-json\/wp\/v2\/media?parent=12958"}],"wp:term":[{"taxonomy":"category","embeddable":true,"href":"https:\/\/www.radiopresidenteibanez.cl\/web\/wp-json\/wp\/v2\/categories?post=12958"},{"taxonomy":"post_tag","embeddable":true,"href":"https:\/\/www.radiopresidenteibanez.cl\/web\/wp-json\/wp\/v2\/tags?post=12958"}],"curies":[{"name":"wp","href":"https:\/\/api.w.org\/{rel}","templated":true}]}}