{"id":12953,"date":"2020-06-25T15:12:57","date_gmt":"2020-06-25T15:12:57","guid":{"rendered":"https:\/\/www.radiopresidenteibanez.cl\/web\/?p=12953"},"modified":"2020-06-25T15:13:01","modified_gmt":"2020-06-25T15:13:01","slug":"todas-las-personas-que-fueron-contacto-directos-de-los-contagiados-se-encuentran-en-cuarentena-preventiva-comento-raul-suazo-gobernador-de-la-provincia-de-ultima-esperanza","status":"publish","type":"post","link":"https:\/\/www.radiopresidenteibanez.cl\/web\/todas-las-personas-que-fueron-contacto-directos-de-los-contagiados-se-encuentran-en-cuarentena-preventiva-comento-raul-suazo-gobernador-de-la-provincia-de-ultima-esperanza\/","title":{"rendered":"\u201cTODAS LAS PERSONAS QUE FUERON CONTACTO DIRECTOS DE LOS CONTAGIADOS SE ENCUENTRAN EN CUARENTENA PREVENTIVA\u201d COMENT\u00d3 RA\u00daL SUAZO GOBERNADOR DE LA PROVINCIA DE \u00daLTIMA ESPERANZA"},"content":{"rendered":"\n<p>El Gobernador de la Provincia de \u00daltima Esperanza, Gonzalo S\u00e1ez,\nen el programa \u00abAvenida 88.5\u00bb conducido por Cristofer Hern\u00e1ndez, se refiri\u00f3 a\nla situaci\u00f3n que esta vivienda la comuna de Puerto Natales, con un brote de\ncontagios por Covid-19, de 18 personas los cuales deber\u00edan salir registrados en\nel reporte del Minsal de este jueves 25 de junio.<\/p>\n\n\n\n<p>En la ocasi\u00f3n, la autoridad coment\u00f3 tambi\u00e9n que \u201ctodas las personas\nque fueron contactos directos de los contagiados se encuentran realizando\ncuarentena preventiva\u201d.<\/p>\n\n\n\n<p>Cabe mencionar que corresponde a 42 personas que pertenecen a la empresa constructora Arancibia que prestaba labores a la pesquera \u00c1lvarez &amp; \u00c1lvarez y otros 7 que fueron contactos directos.<\/p>\n\n\n\n<p>Link entrevista:<\/p>\n\n\n\n<figure class=\"wp-block-embed-facebook wp-block-embed is-type-video is-provider-facebook\"><div class=\"wp-block-embed__wrapper\">\nhttps:\/\/www.facebook.com\/287588041574\/videos\/2677683902500223\/\n<\/div><\/figure>\n\n\n\n<p>CHH.<\/p>\n","protected":false},"excerpt":{"rendered":"<p>El Gobernador de la Provincia de \u00daltima Esperanza, Gonzalo S\u00e1ez, en el programa \u00abAvenida 88.5\u00bb conducido por Cristofer Hern\u00e1ndez, se refiri\u00f3 a la situaci\u00f3n que esta vivienda la comuna de&#8230; <a class=\"read-more\" href=\"https:\/\/www.radiopresidenteibanez.cl\/web\/todas-las-personas-que-fueron-contacto-directos-de-los-contagiados-se-encuentran-en-cuarentena-preventiva-comento-raul-suazo-gobernador-de-la-provincia-de-ultima-esperanza\/\">Leer m\u00e1s<\/a><\/p>\n","protected":false},"author":2,"featured_media":12955,"comment_status":"closed","ping_status":"closed","sticky":false,"template":"","format":"standard","meta":{"footnotes":""},"categories":[1],"tags":[],"class_list":["post-12953","post","type-post","status-publish","format-standard","has-post-thumbnail","hentry","category-cronica"],"_links":{"self":[{"href":"https:\/\/www.radiopresidenteibanez.cl\/web\/wp-json\/wp\/v2\/posts\/12953","targetHints":{"allow":["GET"]}}],"collection":[{"href":"https:\/\/www.radiopresidenteibanez.cl\/web\/wp-json\/wp\/v2\/posts"}],"about":[{"href":"https:\/\/www.radiopresidenteibanez.cl\/web\/wp-json\/wp\/v2\/types\/post"}],"author":[{"embeddable":true,"href":"https:\/\/www.radiopresidenteibanez.cl\/web\/wp-json\/wp\/v2\/users\/2"}],"replies":[{"embeddable":true,"href":"https:\/\/www.radiopresidenteibanez.cl\/web\/wp-json\/wp\/v2\/comments?post=12953"}],"version-history":[{"count":0,"href":"https:\/\/www.radiopresidenteibanez.cl\/web\/wp-json\/wp\/v2\/posts\/12953\/revisions"}],"wp:featuredmedia":[{"embeddable":true,"href":"https:\/\/www.radiopresidenteibanez.cl\/web\/wp-json\/wp\/v2\/media\/12955"}],"wp:attachment":[{"href":"https:\/\/www.radiopresidenteibanez.cl\/web\/wp-json\/wp\/v2\/media?parent=12953"}],"wp:term":[{"taxonomy":"category","embeddable":true,"href":"https:\/\/www.radiopresidenteibanez.cl\/web\/wp-json\/wp\/v2\/categories?post=12953"},{"taxonomy":"post_tag","embeddable":true,"href":"https:\/\/www.radiopresidenteibanez.cl\/web\/wp-json\/wp\/v2\/tags?post=12953"}],"curies":[{"name":"wp","href":"https:\/\/api.w.org\/{rel}","templated":true}]}}