{"id":12945,"date":"2020-06-25T14:35:42","date_gmt":"2020-06-25T14:35:42","guid":{"rendered":"https:\/\/www.radiopresidenteibanez.cl\/web\/?p=12945"},"modified":"2020-06-25T14:37:09","modified_gmt":"2020-06-25T14:37:09","slug":"hemos-solicitado-que-se-decrete-cuarentena-en-punta-arenas-de-manera-precoz-y-evitar-una-fuerte-alza-de-contagios-expreso-gonzalo-saez-presidente-del-colegio-medico","status":"publish","type":"post","link":"https:\/\/www.radiopresidenteibanez.cl\/web\/hemos-solicitado-que-se-decrete-cuarentena-en-punta-arenas-de-manera-precoz-y-evitar-una-fuerte-alza-de-contagios-expreso-gonzalo-saez-presidente-del-colegio-medico\/","title":{"rendered":"\u201cHEMOS SOLICITADO QUE SE DECRETE CUARENTENA EN PUNTA ARENAS, DE MANERA PRECOZ Y EVITAR UNA FUERTE ALZA DE CONTAGIOS\u201d EXPRES\u00d3 GONZALO S\u00c1EZ PRESIDENTE DEL COLEGIO M\u00c9DICO"},"content":{"rendered":"\n<p>El presidente del Colegio M\u00e9dico, Gonzalo S\u00e1ez, en el programa \u00abAvenida 88.5\u00bb conducido por Cristofer Hern\u00e1ndez, se refiri\u00f3 tambi\u00e9n a la situaci\u00f3n que se vive en la ciudad de Puerto Natales y la solicitud realizada a nivel nacional de decretar cuarentena nuevamente para la ciudad capital de Magallanes, Punta Arenas.<\/p>\n\n\n\n<p>En la ocasi\u00f3n tambi\u00e9n el doctor, coment\u00f3 que las autoridades deben ser claros en las cifras que se entregan a nivel nacional, \u201csi quieren tener la confianza de la comunidad\u2026 deben entregar datos ver\u00eddicos y que no pase que regiones marcan 0 seg\u00fan la plataforma MINSAL y despu\u00e9s los seremis dicen lo contrario\u201d, as\u00ed tambi\u00e9n agreg\u00f3 que \u201cel ministerio de Salud, debe ser una cartera apol\u00edtica en medio de esta pandemia\u201d.<\/p>\n\n\n\n<p>En la ocasi\u00f3n, expres\u00f3 que se deber\u00eda trabajar en un plan especial\npara la llegada de aviones a los aeropuertos de Punta Arenas y Puerto Natales. Al\nser consultado sobre la posibilidad de realizar test r\u00e1pidos a la llegada de\nlos aviones coment\u00f3 que \u201cno es viable, el virus incuba y posterior a eso\npodemos arrojar positivo o negativo\u201d, puntualiz\u00f3 S\u00e1ez.<\/p>\n\n\n\n<p>Sobre una posible cuarentena para Punta Arenas, el\npresidente del Colegio M\u00e9dico, explic\u00f3 que \u201cser\u00eda responsable decretar cuarentena\nahora, ser\u00eda precoz y de menos tiempo para evitar un contagio mayor a futuro\u201d.<\/p>\n\n\n\n<p>Puedes revivir esta entrevista del programa \u201cAvenida 88.5\u201d conducido por Cristofer Hern\u00e1ndez, en el siguiente link:<\/p>\n\n\n\n<figure class=\"wp-block-embed-facebook wp-block-embed is-type-video is-provider-facebook\"><div class=\"wp-block-embed__wrapper\">\nhttps:\/\/www.facebook.com\/287588041574\/videos\/1179710819061674\/\n<\/div><\/figure>\n","protected":false},"excerpt":{"rendered":"<p>El presidente del Colegio M\u00e9dico, Gonzalo S\u00e1ez, en el programa \u00abAvenida 88.5\u00bb conducido por Cristofer Hern\u00e1ndez, se refiri\u00f3 tambi\u00e9n a la situaci\u00f3n que se vive en la ciudad de Puerto&#8230; <a class=\"read-more\" href=\"https:\/\/www.radiopresidenteibanez.cl\/web\/hemos-solicitado-que-se-decrete-cuarentena-en-punta-arenas-de-manera-precoz-y-evitar-una-fuerte-alza-de-contagios-expreso-gonzalo-saez-presidente-del-colegio-medico\/\">Leer m\u00e1s<\/a><\/p>\n","protected":false},"author":2,"featured_media":12946,"comment_status":"closed","ping_status":"closed","sticky":false,"template":"","format":"standard","meta":{"footnotes":""},"categories":[1],"tags":[],"class_list":["post-12945","post","type-post","status-publish","format-standard","has-post-thumbnail","hentry","category-cronica"],"_links":{"self":[{"href":"https:\/\/www.radiopresidenteibanez.cl\/web\/wp-json\/wp\/v2\/posts\/12945","targetHints":{"allow":["GET"]}}],"collection":[{"href":"https:\/\/www.radiopresidenteibanez.cl\/web\/wp-json\/wp\/v2\/posts"}],"about":[{"href":"https:\/\/www.radiopresidenteibanez.cl\/web\/wp-json\/wp\/v2\/types\/post"}],"author":[{"embeddable":true,"href":"https:\/\/www.radiopresidenteibanez.cl\/web\/wp-json\/wp\/v2\/users\/2"}],"replies":[{"embeddable":true,"href":"https:\/\/www.radiopresidenteibanez.cl\/web\/wp-json\/wp\/v2\/comments?post=12945"}],"version-history":[{"count":0,"href":"https:\/\/www.radiopresidenteibanez.cl\/web\/wp-json\/wp\/v2\/posts\/12945\/revisions"}],"wp:featuredmedia":[{"embeddable":true,"href":"https:\/\/www.radiopresidenteibanez.cl\/web\/wp-json\/wp\/v2\/media\/12946"}],"wp:attachment":[{"href":"https:\/\/www.radiopresidenteibanez.cl\/web\/wp-json\/wp\/v2\/media?parent=12945"}],"wp:term":[{"taxonomy":"category","embeddable":true,"href":"https:\/\/www.radiopresidenteibanez.cl\/web\/wp-json\/wp\/v2\/categories?post=12945"},{"taxonomy":"post_tag","embeddable":true,"href":"https:\/\/www.radiopresidenteibanez.cl\/web\/wp-json\/wp\/v2\/tags?post=12945"}],"curies":[{"name":"wp","href":"https:\/\/api.w.org\/{rel}","templated":true}]}}