{"id":12936,"date":"2020-06-25T13:39:33","date_gmt":"2020-06-25T13:39:33","guid":{"rendered":"https:\/\/www.radiopresidenteibanez.cl\/web\/?p=12936"},"modified":"2020-06-25T13:39:50","modified_gmt":"2020-06-25T13:39:50","slug":"camiones-con-posible-carga-peligrosa-fueron-retenidos-en-el-sector-de-punta-delgada","status":"publish","type":"post","link":"https:\/\/www.radiopresidenteibanez.cl\/web\/camiones-con-posible-carga-peligrosa-fueron-retenidos-en-el-sector-de-punta-delgada\/","title":{"rendered":"CAMIONES CON POSIBLE CARGA PELIGROSA FUERON RETENIDOS EN EL SECTOR DE PUNTA DELGADA"},"content":{"rendered":"\n<p>Durante la ma\u00f1ana de este jueves, 25 de junio, en medio de\nfiscalizaciones de rutina que se realiza en el sector de Punta Delgada, se detect\u00f3\nla llegada de dos camiones provenientes del puerto de Punta Arenas, los cuales\nal interior de los containeres transportaban qu\u00edmicos peligros que habr\u00edan intentado\ncruzar v\u00eda ferry hac\u00eda Bah\u00eda Azul.<\/p>\n\n\n\n<p>Hasta el momento se desconoce a que empresa corresponde la carga, debido a que no tra\u00edan alg\u00fan tipo de distintivos o logos, por lo que, los camiones se encuentran retenidos en el sector del cruce Punta Delgada.<\/p>\n\n\n\n<p>Noticia en desarrollo.<\/p>\n\n\n\n<figure class=\"wp-block-gallery columns-1 is-cropped wp-block-gallery-1 is-layout-flex wp-block-gallery-is-layout-flex\"><ul class=\"blocks-gallery-grid\"><li class=\"blocks-gallery-item\"><figure><img loading=\"lazy\" decoding=\"async\" width=\"631\" height=\"469\" src=\"https:\/\/www.radiopresidenteibanez.cl\/web\/wp-content\/uploads\/2020\/06\/WhatsApp-Image-2020-06-25-at-10.29.42.jpeg\" alt=\"\" data-id=\"12937\" data-full-url=\"https:\/\/www.radiopresidenteibanez.cl\/web\/wp-content\/uploads\/2020\/06\/WhatsApp-Image-2020-06-25-at-10.29.42.jpeg\" data-link=\"https:\/\/www.radiopresidenteibanez.cl\/web\/?attachment_id=12937\" class=\"wp-image-12937\" srcset=\"https:\/\/www.radiopresidenteibanez.cl\/web\/wp-content\/uploads\/2020\/06\/WhatsApp-Image-2020-06-25-at-10.29.42.jpeg 631w, https:\/\/www.radiopresidenteibanez.cl\/web\/wp-content\/uploads\/2020\/06\/WhatsApp-Image-2020-06-25-at-10.29.42-300x223.jpeg 300w\" sizes=\"auto, (max-width: 631px) 100vw, 631px\" \/><\/figure><\/li><\/ul><\/figure>\n\n\n\n<p><\/p>\n\n\n\n<p>CHH.<\/p>\n","protected":false},"excerpt":{"rendered":"<p>Durante la ma\u00f1ana de este jueves, 25 de junio, en medio de fiscalizaciones de rutina que se realiza en el sector de Punta Delgada, se detect\u00f3 la llegada de dos&#8230; <a class=\"read-more\" href=\"https:\/\/www.radiopresidenteibanez.cl\/web\/camiones-con-posible-carga-peligrosa-fueron-retenidos-en-el-sector-de-punta-delgada\/\">Leer m\u00e1s<\/a><\/p>\n","protected":false},"author":2,"featured_media":12938,"comment_status":"closed","ping_status":"closed","sticky":false,"template":"","format":"standard","meta":{"footnotes":""},"categories":[1],"tags":[],"class_list":["post-12936","post","type-post","status-publish","format-standard","has-post-thumbnail","hentry","category-cronica"],"_links":{"self":[{"href":"https:\/\/www.radiopresidenteibanez.cl\/web\/wp-json\/wp\/v2\/posts\/12936","targetHints":{"allow":["GET"]}}],"collection":[{"href":"https:\/\/www.radiopresidenteibanez.cl\/web\/wp-json\/wp\/v2\/posts"}],"about":[{"href":"https:\/\/www.radiopresidenteibanez.cl\/web\/wp-json\/wp\/v2\/types\/post"}],"author":[{"embeddable":true,"href":"https:\/\/www.radiopresidenteibanez.cl\/web\/wp-json\/wp\/v2\/users\/2"}],"replies":[{"embeddable":true,"href":"https:\/\/www.radiopresidenteibanez.cl\/web\/wp-json\/wp\/v2\/comments?post=12936"}],"version-history":[{"count":0,"href":"https:\/\/www.radiopresidenteibanez.cl\/web\/wp-json\/wp\/v2\/posts\/12936\/revisions"}],"wp:featuredmedia":[{"embeddable":true,"href":"https:\/\/www.radiopresidenteibanez.cl\/web\/wp-json\/wp\/v2\/media\/12938"}],"wp:attachment":[{"href":"https:\/\/www.radiopresidenteibanez.cl\/web\/wp-json\/wp\/v2\/media?parent=12936"}],"wp:term":[{"taxonomy":"category","embeddable":true,"href":"https:\/\/www.radiopresidenteibanez.cl\/web\/wp-json\/wp\/v2\/categories?post=12936"},{"taxonomy":"post_tag","embeddable":true,"href":"https:\/\/www.radiopresidenteibanez.cl\/web\/wp-json\/wp\/v2\/tags?post=12936"}],"curies":[{"name":"wp","href":"https:\/\/api.w.org\/{rel}","templated":true}]}}