{"id":12934,"date":"2020-06-25T13:28:35","date_gmt":"2020-06-25T13:28:35","guid":{"rendered":"https:\/\/www.radiopresidenteibanez.cl\/web\/?p=12934"},"modified":"2020-06-25T14:04:47","modified_gmt":"2020-06-25T14:04:47","slug":"interna-recien-ingresada-a-la-carcel-de-punta-arenas-dio-positivo-a-covid-19","status":"publish","type":"post","link":"https:\/\/www.radiopresidenteibanez.cl\/web\/interna-recien-ingresada-a-la-carcel-de-punta-arenas-dio-positivo-a-covid-19\/","title":{"rendered":"INTERNA RECI\u00c9N INGRESADA A LA C\u00c1RCEL DE PUNTA ARENAS DIO POSITIVO A COVID-19"},"content":{"rendered":"\n<h5 class=\"wp-block-heading\">En horas de ayer mi\u00e9rcoles 24 de junio, se\ndio a conocer el caso de una mujer imputada por tr\u00e1fico de drogas, que hab\u00eda\ningresado al recinto penal de Punta Arenas, dio positivo al examen de Coronavirus\nCovid-19.<\/h5>\n\n\n\n<h5 class=\"wp-block-heading\">Cabe mencionar, que la interna hab\u00eda sido aislada a su ingreso a la espera de obtener los resultados del examen practicado, por lo que no tuvo contacto con el resto de los reos.<\/h5>\n\n\n\n<p>La mujer hab\u00eda viajado hace algunos d\u00edas a la ciudad de Punta Arenas, en un avi\u00f3n desde el norte del pa\u00eds.<\/p>\n\n\n\n<p><\/p>\n\n\n\n<p>CHH.<\/p>\n","protected":false},"excerpt":{"rendered":"<p>En horas de ayer mi\u00e9rcoles 24 de junio, se dio a conocer el caso de una mujer imputada por tr\u00e1fico de drogas, que hab\u00eda ingresado al recinto penal de Punta&#8230; <a class=\"read-more\" href=\"https:\/\/www.radiopresidenteibanez.cl\/web\/interna-recien-ingresada-a-la-carcel-de-punta-arenas-dio-positivo-a-covid-19\/\">Leer m\u00e1s<\/a><\/p>\n","protected":false},"author":2,"featured_media":3517,"comment_status":"closed","ping_status":"closed","sticky":false,"template":"","format":"standard","meta":{"footnotes":""},"categories":[1],"tags":[],"class_list":["post-12934","post","type-post","status-publish","format-standard","has-post-thumbnail","hentry","category-cronica"],"_links":{"self":[{"href":"https:\/\/www.radiopresidenteibanez.cl\/web\/wp-json\/wp\/v2\/posts\/12934","targetHints":{"allow":["GET"]}}],"collection":[{"href":"https:\/\/www.radiopresidenteibanez.cl\/web\/wp-json\/wp\/v2\/posts"}],"about":[{"href":"https:\/\/www.radiopresidenteibanez.cl\/web\/wp-json\/wp\/v2\/types\/post"}],"author":[{"embeddable":true,"href":"https:\/\/www.radiopresidenteibanez.cl\/web\/wp-json\/wp\/v2\/users\/2"}],"replies":[{"embeddable":true,"href":"https:\/\/www.radiopresidenteibanez.cl\/web\/wp-json\/wp\/v2\/comments?post=12934"}],"version-history":[{"count":0,"href":"https:\/\/www.radiopresidenteibanez.cl\/web\/wp-json\/wp\/v2\/posts\/12934\/revisions"}],"wp:featuredmedia":[{"embeddable":true,"href":"https:\/\/www.radiopresidenteibanez.cl\/web\/wp-json\/wp\/v2\/media\/3517"}],"wp:attachment":[{"href":"https:\/\/www.radiopresidenteibanez.cl\/web\/wp-json\/wp\/v2\/media?parent=12934"}],"wp:term":[{"taxonomy":"category","embeddable":true,"href":"https:\/\/www.radiopresidenteibanez.cl\/web\/wp-json\/wp\/v2\/categories?post=12934"},{"taxonomy":"post_tag","embeddable":true,"href":"https:\/\/www.radiopresidenteibanez.cl\/web\/wp-json\/wp\/v2\/tags?post=12934"}],"curies":[{"name":"wp","href":"https:\/\/api.w.org\/{rel}","templated":true}]}}