{"id":12932,"date":"2020-06-25T13:12:52","date_gmt":"2020-06-25T13:12:52","guid":{"rendered":"https:\/\/www.radiopresidenteibanez.cl\/web\/?p=12932"},"modified":"2020-06-25T13:12:59","modified_gmt":"2020-06-25T13:12:59","slug":"presidente-del-core-participo-en-discusion-presupuestaria-2021-convocada-por-el-ministerio-de-hacienda","status":"publish","type":"post","link":"https:\/\/www.radiopresidenteibanez.cl\/web\/presidente-del-core-participo-en-discusion-presupuestaria-2021-convocada-por-el-ministerio-de-hacienda\/","title":{"rendered":"PRESIDENTE DEL CORE PARTICIP\u00d3 EN DISCUSI\u00d3N PRESUPUESTARIA 2021 CONVOCADA POR EL MINISTERIO DE HACIENDA"},"content":{"rendered":"\n<p>El presidente del Consejo\nRegional de Magallanes y de la Ant\u00e1rtica Chilena, Alejandro Kusanovic,\nparticip\u00f3 este martes junto al Intendente, Jos\u00e9 Fern\u00e1ndez y los jefes de las Divisiones\ndel Gobierno Regional en la discusi\u00f3n de los Anteproyectos de Ley 2021 del Programa 01 o de\nFuncionamiento, Programa 02&nbsp; o Fondo Nacional de Desarrollo Regional\n(FNDR) y el Programa 03 o Fondo de Desarrollo de Magallanes (FONDEMA),\ninstancia convocada por la Direcci\u00f3n de Presupuesto (DIPRES) del Ministerio\nde Hacienda.<\/p>\n\n\n\n<p>Lo anterior, bajo la nueva\nmetodolog\u00eda de elaboraci\u00f3n de presupuesto denominado Presupuesto Base \u201c0\u201d\najustado y con una propuesta de tres escenarios (80%, 85% y 90%) sobre la base\ndel Presupuesto Inicial del a\u00f1o 2020, el cual filtra los compromisos de\ninversiones seg\u00fan su grado de exigibilidad, es decir la base del presupuesto\ndebe responder a compromisos contractuales y legales priorizados.<\/p>\n\n\n\n<p>Seg\u00fan inform\u00f3 elpresidente del CORE, Alejandro\nKusanovic, en primera instancia correspondi\u00f3 al Intendente entregar un resumen\nde los proyectos de la regi\u00f3n, posteriormente el jefe de la Divisi\u00f3n de\nAdministraci\u00f3n y Finanzas (DAF) H\u00e9ctor Milovic, ilustr\u00f3 acerca de la propuesta\ndel Programa 01 y luego el jefe de la Divisi\u00f3n de Presupuesto e Inversi\u00f3n\nRegional (DIPIR) Iv\u00e1n Ulloa, &nbsp;tras\npresentar una estrategia de solicitud que involucr\u00f3 los arrastres producidos\npor el Plan Especial de Desarrollo de Zonas Extremas (PEDZE) tambi\u00e9n se refiri\u00f3\na la necesidad de que se priorice la ejecuci\u00f3n de proyectos que generen\ndesarrollo y sean coherentes como por ejemplo, alargar la pista del aeropuerto\nen Puerto Williams a 3.000 metros y contar con descongelamiento el\u00e9ctrico son\nobras que deber\u00edan anteceder la construcci\u00f3n de una torre de control y terminales\nya que &nbsp;primero se debe asegurar una\nverdadera conectividad. <\/p>\n\n\n\n<p>El consejero Kusanovic, &nbsp;junto con destacar el trabajo efectuado por\nlos jefes de las Divisiones del GORE coment\u00f3 que en su intervenci\u00f3n plante\u00f3 la\nimportancia de mantener los recursos del PEDZE en Magallanes ante lo cual, \u201cla\nDIPRES ratific\u00f3 el arrastre del PEDZE 2021 a trav\u00e9s de un nuevo Fondo de la\nSUBDERE que se denominar\u00eda Fondo de Desarrollo Local, el cual est\u00e1 destinado a\nfinanciar proyectos s\u00f3lo para regiones priorizando el financiamiento de\nproyectos de zonas extremas, es decir eso nos da un marco de continuidad en\ntorno a los 81 mil millones de pesos para el a\u00f1o 2021\u201d, detall\u00f3. <\/p>\n\n\n\n<p>Por otro lado \u201cmanifest\u00e9 nuestra\npreocupaci\u00f3n en cuanto a que desde el CORE comprendemos que se deben restringir\nlos gastos en una situaci\u00f3n de pandemia pero no se puede poner en peligro el\nproceso de descentralizaci\u00f3n y tampoco puede ser solamente el Consejo Regional\nel que cargue con la mochila, debe ser un ahorro parejo de todos. Por ejemplo\nresulta inveros\u00edmil que nos restrinjan al secretario ejecutivo que de acuerdo a\nla Ley es nuestro Ministro de Fe, eso ser\u00eda como no tener Intendente por\nahorrar\u201d, afirm\u00f3 Kusanovic. <\/p>\n\n\n\n<p>Finalmente seg\u00fan informaci\u00f3n\nemanada desde la Divisi\u00f3n de Presupuesto e Inversi\u00f3n Regional, la DIPRES coincidi\u00f3\ncon la propuesta del GORE, sin perjuicio de que puedan adicionarse m\u00e1s recursos\na la regi\u00f3n durante el a\u00f1o 2021 para reactivar la econom\u00eda, lo cual responde a\nla gran capacidad de gasto y eficiencia en la administraci\u00f3n de los fondos del\nGobierno Regional de Magallanes, el cual ha liderado por sobre las otras regiones\ndurante los \u00faltimos a\u00f1os ocupando el primer lugar en eficiencia.<\/p>\n","protected":false},"excerpt":{"rendered":"<p>El presidente del Consejo Regional de Magallanes y de la Ant\u00e1rtica Chilena, Alejandro Kusanovic, particip\u00f3 este martes junto al Intendente, Jos\u00e9 Fern\u00e1ndez y los jefes de las Divisiones del Gobierno&#8230; <a class=\"read-more\" href=\"https:\/\/www.radiopresidenteibanez.cl\/web\/presidente-del-core-participo-en-discusion-presupuestaria-2021-convocada-por-el-ministerio-de-hacienda\/\">Leer m\u00e1s<\/a><\/p>\n","protected":false},"author":2,"featured_media":5543,"comment_status":"closed","ping_status":"closed","sticky":false,"template":"","format":"standard","meta":{"footnotes":""},"categories":[1],"tags":[],"class_list":["post-12932","post","type-post","status-publish","format-standard","has-post-thumbnail","hentry","category-cronica"],"_links":{"self":[{"href":"https:\/\/www.radiopresidenteibanez.cl\/web\/wp-json\/wp\/v2\/posts\/12932","targetHints":{"allow":["GET"]}}],"collection":[{"href":"https:\/\/www.radiopresidenteibanez.cl\/web\/wp-json\/wp\/v2\/posts"}],"about":[{"href":"https:\/\/www.radiopresidenteibanez.cl\/web\/wp-json\/wp\/v2\/types\/post"}],"author":[{"embeddable":true,"href":"https:\/\/www.radiopresidenteibanez.cl\/web\/wp-json\/wp\/v2\/users\/2"}],"replies":[{"embeddable":true,"href":"https:\/\/www.radiopresidenteibanez.cl\/web\/wp-json\/wp\/v2\/comments?post=12932"}],"version-history":[{"count":0,"href":"https:\/\/www.radiopresidenteibanez.cl\/web\/wp-json\/wp\/v2\/posts\/12932\/revisions"}],"wp:featuredmedia":[{"embeddable":true,"href":"https:\/\/www.radiopresidenteibanez.cl\/web\/wp-json\/wp\/v2\/media\/5543"}],"wp:attachment":[{"href":"https:\/\/www.radiopresidenteibanez.cl\/web\/wp-json\/wp\/v2\/media?parent=12932"}],"wp:term":[{"taxonomy":"category","embeddable":true,"href":"https:\/\/www.radiopresidenteibanez.cl\/web\/wp-json\/wp\/v2\/categories?post=12932"},{"taxonomy":"post_tag","embeddable":true,"href":"https:\/\/www.radiopresidenteibanez.cl\/web\/wp-json\/wp\/v2\/tags?post=12932"}],"curies":[{"name":"wp","href":"https:\/\/api.w.org\/{rel}","templated":true}]}}