{"id":1293,"date":"2019-02-10T16:54:25","date_gmt":"2019-02-10T16:54:25","guid":{"rendered":"http:\/\/www.radiopresidenteibanez.cl\/web\/?p=1293"},"modified":"2019-02-10T16:54:48","modified_gmt":"2019-02-10T16:54:48","slug":"vecinos-de-los-sectores-rurales-de-natales-participan-en-la-actualizacion-del-plan-de-desarrollo-comunal","status":"publish","type":"post","link":"https:\/\/www.radiopresidenteibanez.cl\/web\/vecinos-de-los-sectores-rurales-de-natales-participan-en-la-actualizacion-del-plan-de-desarrollo-comunal\/","title":{"rendered":"VECINOS DE LOS SECTORES RURALES DE NATALES PARTICIPAN EN LA ACTUALIZACION DEL PLAN DE DESARROLLO COMUNAL"},"content":{"rendered":"\n<p>En el marco de la actualizaci\u00f3n\ndel Plan de Desarrollo Comunal (PLADECO), la Asociaci\u00f3n de Municipalidades de\nChile (AMUCH) consultora a cargo de realizar el proceso en conjunto con la\nmunicipalidad, invit\u00f3 a los vecinos de los sectores rurales de Natales a\nparticipar de talleres para hacer un levantamiento de informaci\u00f3n, el cual ha\ntenido gran respuesta de los vecinos. <\/p>\n\n\n\n<p>Estos talleres, lograron hacer\nparticipar a m\u00e1s de 45 personas de todas las comunidades rurales, contando con\nel apoyo de los servicios b\u00e1sicos de las localidades, tales como funcionarios\nde salud, Carabineros, entre otros.<\/p>\n\n\n\n<p>Para el alcalde de la comuna,\nFernando Paredes Mansilla, cada localidad tiene sus propias necesidades,\nse\u00f1alando que &nbsp;\u201chay muchos sectores\nrurales que componen la comuna. Todos los habitantes &nbsp;aun cuando sea un sector rural tienen que\nsentirse parte del desarrollo de la comuna\u201d, agregando que \u201csomos una comuna\nmultifac\u00e9tica, tenemos habitantes en todas las condiciones, en condiciones de\naislamiento, tambi\u00e9n con muchos potenciales tur\u00edsticos y muy arm\u00f3nico con el\nmedio ambiente\u201d. Subrayando que es una comuna muy grande y por eso necesitan un\ninstrumento de planificaci\u00f3n para poder proyectar el desarrollo de la ciudad. <\/p>\n\n\n\n<p>La nueva actualizaci\u00f3n al Plan de\nDesarrollo Comunal va en la l\u00ednea del ordenamiento integral del espacio\np\u00fablico, determinando en qu\u00e9 ubicaci\u00f3n destinar&nbsp;\nlugares de \u00e1reas verdes, sedes comunales, centros deportivos, recintos\nde salud, entre otras necesidades que carezca la comuna. <\/p>\n\n\n\n<p>En este contexto, la autoridad\nm\u00e1xima se\u00f1al\u00f3 que \u201cel \u00e9xito de nuestra gesti\u00f3n es que no hemos usado ni el\nolfat\u00edmetro, ni nunca hemos usado tampoco el tinc\u00f3metro, o sea nada se hace a\nla tincada, nada se hace al olfato, tiene que existir un instrumento de\nplanificaci\u00f3n, en este caso para nosotros a nivel local es el Plan de\nDesarrollo Comunal\u201d.&nbsp; Entregando una\nherramienta al municipio para poder destinar soluciones m\u00e1s r\u00e1pido a la\ncomunidad.<\/p>\n\n\n\n<p>Cabe destacar que el PLADECO es\nun instrumento rector de la comuna que busca promover el avance social,\necon\u00f3mico y cultural, coordinando su realizaci\u00f3n con toda la comunidad para\nconocer sus necesidades, adem\u00e1s de la participaci\u00f3n de los servicios p\u00fablicos y\nsiendo una gu\u00eda de planificaci\u00f3n para la Ilustre Municipalidad de Natales. <\/p>\n","protected":false},"excerpt":{"rendered":"<p>En el marco de la actualizaci\u00f3n del Plan de Desarrollo Comunal (PLADECO), la Asociaci\u00f3n de Municipalidades de Chile (AMUCH) consultora a cargo de realizar el proceso en conjunto con la&#8230; <a class=\"read-more\" href=\"https:\/\/www.radiopresidenteibanez.cl\/web\/vecinos-de-los-sectores-rurales-de-natales-participan-en-la-actualizacion-del-plan-de-desarrollo-comunal\/\">Leer m\u00e1s<\/a><\/p>\n","protected":false},"author":2,"featured_media":1294,"comment_status":"closed","ping_status":"closed","sticky":false,"template":"","format":"standard","meta":{"footnotes":""},"categories":[1],"tags":[],"class_list":["post-1293","post","type-post","status-publish","format-standard","has-post-thumbnail","hentry","category-cronica"],"_links":{"self":[{"href":"https:\/\/www.radiopresidenteibanez.cl\/web\/wp-json\/wp\/v2\/posts\/1293","targetHints":{"allow":["GET"]}}],"collection":[{"href":"https:\/\/www.radiopresidenteibanez.cl\/web\/wp-json\/wp\/v2\/posts"}],"about":[{"href":"https:\/\/www.radiopresidenteibanez.cl\/web\/wp-json\/wp\/v2\/types\/post"}],"author":[{"embeddable":true,"href":"https:\/\/www.radiopresidenteibanez.cl\/web\/wp-json\/wp\/v2\/users\/2"}],"replies":[{"embeddable":true,"href":"https:\/\/www.radiopresidenteibanez.cl\/web\/wp-json\/wp\/v2\/comments?post=1293"}],"version-history":[{"count":0,"href":"https:\/\/www.radiopresidenteibanez.cl\/web\/wp-json\/wp\/v2\/posts\/1293\/revisions"}],"wp:featuredmedia":[{"embeddable":true,"href":"https:\/\/www.radiopresidenteibanez.cl\/web\/wp-json\/wp\/v2\/media\/1294"}],"wp:attachment":[{"href":"https:\/\/www.radiopresidenteibanez.cl\/web\/wp-json\/wp\/v2\/media?parent=1293"}],"wp:term":[{"taxonomy":"category","embeddable":true,"href":"https:\/\/www.radiopresidenteibanez.cl\/web\/wp-json\/wp\/v2\/categories?post=1293"},{"taxonomy":"post_tag","embeddable":true,"href":"https:\/\/www.radiopresidenteibanez.cl\/web\/wp-json\/wp\/v2\/tags?post=1293"}],"curies":[{"name":"wp","href":"https:\/\/api.w.org\/{rel}","templated":true}]}}