{"id":12925,"date":"2020-06-25T13:06:24","date_gmt":"2020-06-25T13:06:24","guid":{"rendered":"https:\/\/www.radiopresidenteibanez.cl\/web\/?p=12925"},"modified":"2020-06-25T13:06:28","modified_gmt":"2020-06-25T13:06:28","slug":"diputado-bianchi-valora-aprobacion-del-proyecto-que-reconoce-al-pueblo-selknam-como-etnia-originaria","status":"publish","type":"post","link":"https:\/\/www.radiopresidenteibanez.cl\/web\/diputado-bianchi-valora-aprobacion-del-proyecto-que-reconoce-al-pueblo-selknam-como-etnia-originaria\/","title":{"rendered":"DIPUTADO BIANCHI VALORA APROBACI\u00d3N DEL PROYECTO QUE RECONOCE AL PUEBLO SELK\u2019NAM COMO ETNIA ORIGINARIA"},"content":{"rendered":"\n<h5 class=\"wp-block-heading\">En el marco del d\u00eda de los Pueblos\nOriginarios, con 148 votos a favor y 2 abstenciones se aprob\u00f3 en la C\u00e1mara de\nDiputados&nbsp;el proyecto de ley que se incorpora al pueblo Selk\u2019nam entre las\nprincipales etnias ind\u00edgenas reconocidas por el Estado.<\/h5>\n\n\n\n<h5 class=\"wp-block-heading\">El diputado independiente se reuni\u00f3 con\nrepresentantes de la comunidad Covadonga Ona en Valpara\u00edso, con quienes pudo\nconversar y llegar a la convicci\u00f3n de que \u201clos Selk\u2019nam est\u00e1n cada d\u00eda m\u00e1s\nunidos y cada d\u00eda m\u00e1s organizados\u201d. <\/h5>\n\n\n\n<h5 class=\"wp-block-heading\">\u201cEs un orgullo para m\u00ed como representante de\nla regi\u00f3n de sus or\u00edgenes, poder elevar su mensaje con humildad, con respeto a\nsu historia y por sobre todo con aportar a que su cultura siga viva\u201d,\nmanifest\u00f3.<\/h5>\n\n\n\n<h5 class=\"wp-block-heading\">Asimismo, el parlamentario se\u00f1al\u00f3 que\n\u201cdebemos decir con fuerza y convicci\u00f3n que aqu\u00ed existi\u00f3 un genocidio,\ncoordinado y sistematizado por organizaciones que trataron por todos los medios\nexterminar a nuestros Selk\u2019nam, pero no lo lograron\u201d.<\/h5>\n\n\n\n<h5 class=\"wp-block-heading\">El diputado magall\u00e1nico asegur\u00f3 que los\npueblos ind\u00edgenas tienen derecho a ser consultados en forma previa a la\nadopci\u00f3n de cualquier decisi\u00f3n legislativa o administrativa susceptible de\nafectarles directamente, conforme a todos los convenios internacionales\nsuscritos por Chile. <\/h5>\n\n\n\n<h5 class=\"wp-block-heading\">\u201cEste proyecto de ley tambi\u00e9n debe ser una\ngarant\u00eda de que nuestro Estado jam\u00e1s volver\u00e1 a fomentar la vulneraci\u00f3n de\nderechos fundamentales de nuestros pueblos originarios\u201d, expres\u00f3. <\/h5>\n","protected":false},"excerpt":{"rendered":"<p>En el marco del d\u00eda de los Pueblos Originarios, con 148 votos a favor y 2 abstenciones se aprob\u00f3 en la C\u00e1mara de Diputados&nbsp;el proyecto de ley que se incorpora&#8230; <a class=\"read-more\" href=\"https:\/\/www.radiopresidenteibanez.cl\/web\/diputado-bianchi-valora-aprobacion-del-proyecto-que-reconoce-al-pueblo-selknam-como-etnia-originaria\/\">Leer m\u00e1s<\/a><\/p>\n","protected":false},"author":2,"featured_media":5567,"comment_status":"closed","ping_status":"closed","sticky":false,"template":"","format":"standard","meta":{"footnotes":""},"categories":[1],"tags":[],"class_list":["post-12925","post","type-post","status-publish","format-standard","has-post-thumbnail","hentry","category-cronica"],"_links":{"self":[{"href":"https:\/\/www.radiopresidenteibanez.cl\/web\/wp-json\/wp\/v2\/posts\/12925","targetHints":{"allow":["GET"]}}],"collection":[{"href":"https:\/\/www.radiopresidenteibanez.cl\/web\/wp-json\/wp\/v2\/posts"}],"about":[{"href":"https:\/\/www.radiopresidenteibanez.cl\/web\/wp-json\/wp\/v2\/types\/post"}],"author":[{"embeddable":true,"href":"https:\/\/www.radiopresidenteibanez.cl\/web\/wp-json\/wp\/v2\/users\/2"}],"replies":[{"embeddable":true,"href":"https:\/\/www.radiopresidenteibanez.cl\/web\/wp-json\/wp\/v2\/comments?post=12925"}],"version-history":[{"count":0,"href":"https:\/\/www.radiopresidenteibanez.cl\/web\/wp-json\/wp\/v2\/posts\/12925\/revisions"}],"wp:featuredmedia":[{"embeddable":true,"href":"https:\/\/www.radiopresidenteibanez.cl\/web\/wp-json\/wp\/v2\/media\/5567"}],"wp:attachment":[{"href":"https:\/\/www.radiopresidenteibanez.cl\/web\/wp-json\/wp\/v2\/media?parent=12925"}],"wp:term":[{"taxonomy":"category","embeddable":true,"href":"https:\/\/www.radiopresidenteibanez.cl\/web\/wp-json\/wp\/v2\/categories?post=12925"},{"taxonomy":"post_tag","embeddable":true,"href":"https:\/\/www.radiopresidenteibanez.cl\/web\/wp-json\/wp\/v2\/tags?post=12925"}],"curies":[{"name":"wp","href":"https:\/\/api.w.org\/{rel}","templated":true}]}}