{"id":12922,"date":"2020-06-25T13:04:16","date_gmt":"2020-06-25T13:04:16","guid":{"rendered":"https:\/\/www.radiopresidenteibanez.cl\/web\/?p=12922"},"modified":"2020-06-25T13:40:57","modified_gmt":"2020-06-25T13:40:57","slug":"trabajadores-de-edelmag-junto-a-la-empresa-entregaron-1-500-mascarillas-a-la-cruz","status":"publish","type":"post","link":"https:\/\/www.radiopresidenteibanez.cl\/web\/trabajadores-de-edelmag-junto-a-la-empresa-entregaron-1-500-mascarillas-a-la-cruz\/","title":{"rendered":"TRABAJADORES DE EDELMAG JUNTO A LA EMPRESA ENTREGARON 1.500 MASCARILLAS A LA CRUZ ROJA"},"content":{"rendered":"\n<p>Se trata de una iniciativa\n1+1, donde el aporte entregado por los trabajadores es igualado por la empresa\npermitiendo la adquisici\u00f3n de estas mascarillas que la instituci\u00f3n ben\u00e9fica\ndestinar\u00e1 al trabajo que realizan en los sectores rurales.<\/p>\n\n\n\n<p>\u201cHoy es el minuto de\ncontribuir en todo sentido y estoy muy orgulloso de este aporte, ya que es el\nresultado de una campa\u00f1a realizada con nuestros colaboradores\u201d, indic\u00f3 Carlos\nY\u00e1\u00f1ez, Gerente General de EDELMAG.<\/p>\n\n\n\n<p>Adem\u00e1s, asegur\u00f3 que \u201ccomo\nempresa de servicio p\u00fablico, que entrega un insumo tan necesario en estos\nmomentos como es la energ\u00eda, es muy importante tener una cercana y estrecha\nrelaci\u00f3n con las comunidades donde est\u00e1 inserta, por eso estamos evaluando de\nqu\u00e9 manera canalizar futuras colaboraciones, ya que esta contribuci\u00f3n es parte\nde nuestro compromiso con ellas\u201d.<\/p>\n\n\n\n<p>Por su parte, la presidenta\nregional de la Cruz Roja, Elena Oyarz\u00fan, agradeci\u00f3 el aporte de EDELMAG y sus\ntrabajadores, afirmando que \u201ccon esto podremos continuar con la labor\nsilenciosa que hemos realizado durante estos meses, especialmente en los\nsectores rurales\u201d.<\/p>\n","protected":false},"excerpt":{"rendered":"<p>Se trata de una iniciativa 1+1, donde el aporte entregado por los trabajadores es igualado por la empresa permitiendo la adquisici\u00f3n de estas mascarillas que la instituci\u00f3n ben\u00e9fica destinar\u00e1 al&#8230; <a class=\"read-more\" href=\"https:\/\/www.radiopresidenteibanez.cl\/web\/trabajadores-de-edelmag-junto-a-la-empresa-entregaron-1-500-mascarillas-a-la-cruz\/\">Leer m\u00e1s<\/a><\/p>\n","protected":false},"author":2,"featured_media":12923,"comment_status":"closed","ping_status":"closed","sticky":false,"template":"","format":"standard","meta":{"footnotes":""},"categories":[1],"tags":[],"class_list":["post-12922","post","type-post","status-publish","format-standard","has-post-thumbnail","hentry","category-cronica"],"_links":{"self":[{"href":"https:\/\/www.radiopresidenteibanez.cl\/web\/wp-json\/wp\/v2\/posts\/12922","targetHints":{"allow":["GET"]}}],"collection":[{"href":"https:\/\/www.radiopresidenteibanez.cl\/web\/wp-json\/wp\/v2\/posts"}],"about":[{"href":"https:\/\/www.radiopresidenteibanez.cl\/web\/wp-json\/wp\/v2\/types\/post"}],"author":[{"embeddable":true,"href":"https:\/\/www.radiopresidenteibanez.cl\/web\/wp-json\/wp\/v2\/users\/2"}],"replies":[{"embeddable":true,"href":"https:\/\/www.radiopresidenteibanez.cl\/web\/wp-json\/wp\/v2\/comments?post=12922"}],"version-history":[{"count":0,"href":"https:\/\/www.radiopresidenteibanez.cl\/web\/wp-json\/wp\/v2\/posts\/12922\/revisions"}],"wp:featuredmedia":[{"embeddable":true,"href":"https:\/\/www.radiopresidenteibanez.cl\/web\/wp-json\/wp\/v2\/media\/12923"}],"wp:attachment":[{"href":"https:\/\/www.radiopresidenteibanez.cl\/web\/wp-json\/wp\/v2\/media?parent=12922"}],"wp:term":[{"taxonomy":"category","embeddable":true,"href":"https:\/\/www.radiopresidenteibanez.cl\/web\/wp-json\/wp\/v2\/categories?post=12922"},{"taxonomy":"post_tag","embeddable":true,"href":"https:\/\/www.radiopresidenteibanez.cl\/web\/wp-json\/wp\/v2\/tags?post=12922"}],"curies":[{"name":"wp","href":"https:\/\/api.w.org\/{rel}","templated":true}]}}