{"id":12920,"date":"2020-06-25T13:02:14","date_gmt":"2020-06-25T13:02:14","guid":{"rendered":"https:\/\/www.radiopresidenteibanez.cl\/web\/?p=12920"},"modified":"2020-06-25T13:02:22","modified_gmt":"2020-06-25T13:02:22","slug":"anuncian-llegada-de-nuevos-buses-a-punta-arenas-luego-de-arduo-trabajo-de-diputado-bianchi","status":"publish","type":"post","link":"https:\/\/www.radiopresidenteibanez.cl\/web\/anuncian-llegada-de-nuevos-buses-a-punta-arenas-luego-de-arduo-trabajo-de-diputado-bianchi\/","title":{"rendered":"ANUNCIAN LLEGADA DE NUEVOS BUSES A PUNTA ARENAS LUEGO DE ARDUO TRABAJO DE DIPUTADO BIANCHI"},"content":{"rendered":"\n<p>\u201cTras un fuerte trabajo,\nlogramos que se entendiera que los buses que estaban ya cumplieron su vida \u00fatil\ny era necesario tener buses nuevos\u201d, se\u00f1al\u00f3 el parlamentario.<\/p>\n\n\n\n<p>El diputado independiente\ntrabaj\u00f3 durante largo tiempo por el transporte p\u00fablico de la comuna,\nsosteniendo reuniones con el Ministerio de Transporte, con los trabajadores de\nla empresa actual, con usuarios, denunciando las irregularidades en a Comisi\u00f3n\nde Transportes y mediante oficios de fiscalizaci\u00f3n.<\/p>\n\n\n\n<p>\u201cEntend\u00edamos que estos buses\nno entregaban calidad, no eran garant\u00eda, no eran seguros para quienes\nutilizaban el servicio y trabajaban en estas maquinarias\u201d, afirm\u00f3 el diputado\nmagall\u00e1nico.<\/p>\n\n\n\n<p>Calefacci\u00f3n, Wifi, botonera de\nparada inal\u00e1mbrica, acceso universal para personas en silla de ruedas, son\nalgunas de las caracter\u00edsticas de los buses. Frente a esto el parlamentario\nmenciona que \u201cme parece que son los est\u00e1ndares m\u00ednimos y que, si vemos que en\nSantiago est\u00e1n entregando buses de calidad, tambi\u00e9n queremos que as\u00ed sea en las\nregiones de nuestro pa\u00eds y as\u00ed va a ser en Punta Arenas\u201d.<\/p>\n\n\n\n<p>Respecto a los trabajadores de\nla empresa V\u00eda Austral, Bianchi espera que puedan ser recontratados, adem\u00e1s\nse\u00f1ala que fiscalizar\u00e1 el proceso y c\u00f3mo se gestionar\u00e1 la llegada de los nuevos\nbuses.<\/p>\n\n\n\n<p>\u201cEstamos contentos porque ya\nest\u00e1n los contratos firmados, ya se inici\u00f3 la fabricaci\u00f3n y prontamente van a\nestar estos buses en la ciudad. Es un trabajo que nos comprometimos a llevar\nhasta el final y que hoy podemos decir que estamos cumpliendo con esto y\nagradecer todo este trabajo que ha nacido tambi\u00e9n desde los mismos trabajadores\ny de los usuarios y hoy est\u00e1 a disposici\u00f3n de nuestra comunidad\u201d, finaliz\u00f3.<\/p>\n","protected":false},"excerpt":{"rendered":"<p>\u201cTras un fuerte trabajo, logramos que se entendiera que los buses que estaban ya cumplieron su vida \u00fatil y era necesario tener buses nuevos\u201d, se\u00f1al\u00f3 el parlamentario. El diputado independiente&#8230; <a class=\"read-more\" href=\"https:\/\/www.radiopresidenteibanez.cl\/web\/anuncian-llegada-de-nuevos-buses-a-punta-arenas-luego-de-arduo-trabajo-de-diputado-bianchi\/\">Leer m\u00e1s<\/a><\/p>\n","protected":false},"author":2,"featured_media":12848,"comment_status":"closed","ping_status":"closed","sticky":false,"template":"","format":"standard","meta":{"footnotes":""},"categories":[1],"tags":[],"class_list":["post-12920","post","type-post","status-publish","format-standard","has-post-thumbnail","hentry","category-cronica"],"_links":{"self":[{"href":"https:\/\/www.radiopresidenteibanez.cl\/web\/wp-json\/wp\/v2\/posts\/12920","targetHints":{"allow":["GET"]}}],"collection":[{"href":"https:\/\/www.radiopresidenteibanez.cl\/web\/wp-json\/wp\/v2\/posts"}],"about":[{"href":"https:\/\/www.radiopresidenteibanez.cl\/web\/wp-json\/wp\/v2\/types\/post"}],"author":[{"embeddable":true,"href":"https:\/\/www.radiopresidenteibanez.cl\/web\/wp-json\/wp\/v2\/users\/2"}],"replies":[{"embeddable":true,"href":"https:\/\/www.radiopresidenteibanez.cl\/web\/wp-json\/wp\/v2\/comments?post=12920"}],"version-history":[{"count":0,"href":"https:\/\/www.radiopresidenteibanez.cl\/web\/wp-json\/wp\/v2\/posts\/12920\/revisions"}],"wp:featuredmedia":[{"embeddable":true,"href":"https:\/\/www.radiopresidenteibanez.cl\/web\/wp-json\/wp\/v2\/media\/12848"}],"wp:attachment":[{"href":"https:\/\/www.radiopresidenteibanez.cl\/web\/wp-json\/wp\/v2\/media?parent=12920"}],"wp:term":[{"taxonomy":"category","embeddable":true,"href":"https:\/\/www.radiopresidenteibanez.cl\/web\/wp-json\/wp\/v2\/categories?post=12920"},{"taxonomy":"post_tag","embeddable":true,"href":"https:\/\/www.radiopresidenteibanez.cl\/web\/wp-json\/wp\/v2\/tags?post=12920"}],"curies":[{"name":"wp","href":"https:\/\/api.w.org\/{rel}","templated":true}]}}