{"id":12917,"date":"2020-06-25T13:00:44","date_gmt":"2020-06-25T13:00:44","guid":{"rendered":"https:\/\/www.radiopresidenteibanez.cl\/web\/?p=12917"},"modified":"2020-06-25T13:01:11","modified_gmt":"2020-06-25T13:01:11","slug":"municipalidad-de-natales-envia-oficio-al-intendente-para-solicitar-nuevas-medidas-de-reactivacion-economica","status":"publish","type":"post","link":"https:\/\/www.radiopresidenteibanez.cl\/web\/municipalidad-de-natales-envia-oficio-al-intendente-para-solicitar-nuevas-medidas-de-reactivacion-economica\/","title":{"rendered":"MUNICIPALIDAD DE NATALES ENV\u00cdA OFICIO AL INTENDENTE PARA SOLICITAR NUEVAS MEDIDAS DE REACTIVACI\u00d3N ECON\u00d3MICA"},"content":{"rendered":"\n<p>Esta semana,\nla Ilustre Municipalidad de Natales recibi\u00f3 una serie de cartas por parte de\ndiferentes sectores productivos de la comuna, principalmente comercio, turismo\ny gastronom\u00eda, quienes manifestaron su inter\u00e9s para comenzar a planificar la\nreactivaci\u00f3n econ\u00f3mica del turismo en la ciudad.<\/p>\n\n\n\n<p>La idea fue\nreforzada en las reuniones con los diversos gremios y c\u00e1maras, y busca la\nreactivaci\u00f3n del comercio para generar nuevos puestos de trabajo, teniendo en\nconsideraci\u00f3n las bajas tasas de contagio producidas en los \u00faltimos tres meses.<\/p>\n\n\n\n<p>Ante todo esto,\nel alcalde de la comuna sostuvo que en los \u00faltimos 100 d\u00edas de emergencia\nsanitaria ha habido diecis\u00e9is casos, lo que habla de un comportamiento positivo\nde la comunidad y que se demuestra con pocas personas contagiadas. \u201cEsto de\npersistir as\u00ed, abre la posibilidad de poder pensar en que el rubro gastron\u00f3mico\no los restaurantes, desde el punto de vista local puedan generar su apertura, y\nas\u00ed comenzar a mover la econom\u00eda y generar puestos de trabajo\u201d.<\/p>\n\n\n\n<p>Adem\u00e1s, el\njefe comunal afirm\u00f3 que todas estas nuevas medidas tienen que ser pensadas\ncumpliendo un estricto protocolo sanitario. \u201cHe solicitado al intendente\ngenerar una mesa de trabajo con la autoridad sanitaria para ir pensando y\nproyect\u00e1ndose en la segunda quincena del mes de julio, todo esto al ver que los\nniveles de coronavirus siguen comport\u00e1ndose como est\u00e1n hasta este momento, as\u00ed\nyo creo que es perfectamente posible empezar a incursionar en abrir algunos\nlocales de gastronom\u00eda\u201d.<\/p>\n\n\n\n<p>Finalmente,\nFernando Paredes, se\u00f1al\u00f3 que est\u00e1 es una petici\u00f3n que est\u00e1 realizando hace\nvarias semanas el sector productivo, y recalc\u00f3 que esto tiene asidero\n\u00fanicamente de prologarse las condiciones favorables y especiales que hoy d\u00eda\npresenta la ciudad de Puerto Natales.<\/p>\n","protected":false},"excerpt":{"rendered":"<p>Esta semana, la Ilustre Municipalidad de Natales recibi\u00f3 una serie de cartas por parte de diferentes sectores productivos de la comuna, principalmente comercio, turismo y gastronom\u00eda, quienes manifestaron su inter\u00e9s&#8230; <a class=\"read-more\" href=\"https:\/\/www.radiopresidenteibanez.cl\/web\/municipalidad-de-natales-envia-oficio-al-intendente-para-solicitar-nuevas-medidas-de-reactivacion-economica\/\">Leer m\u00e1s<\/a><\/p>\n","protected":false},"author":2,"featured_media":12918,"comment_status":"closed","ping_status":"closed","sticky":false,"template":"","format":"standard","meta":{"footnotes":""},"categories":[1],"tags":[],"class_list":["post-12917","post","type-post","status-publish","format-standard","has-post-thumbnail","hentry","category-cronica"],"_links":{"self":[{"href":"https:\/\/www.radiopresidenteibanez.cl\/web\/wp-json\/wp\/v2\/posts\/12917","targetHints":{"allow":["GET"]}}],"collection":[{"href":"https:\/\/www.radiopresidenteibanez.cl\/web\/wp-json\/wp\/v2\/posts"}],"about":[{"href":"https:\/\/www.radiopresidenteibanez.cl\/web\/wp-json\/wp\/v2\/types\/post"}],"author":[{"embeddable":true,"href":"https:\/\/www.radiopresidenteibanez.cl\/web\/wp-json\/wp\/v2\/users\/2"}],"replies":[{"embeddable":true,"href":"https:\/\/www.radiopresidenteibanez.cl\/web\/wp-json\/wp\/v2\/comments?post=12917"}],"version-history":[{"count":0,"href":"https:\/\/www.radiopresidenteibanez.cl\/web\/wp-json\/wp\/v2\/posts\/12917\/revisions"}],"wp:featuredmedia":[{"embeddable":true,"href":"https:\/\/www.radiopresidenteibanez.cl\/web\/wp-json\/wp\/v2\/media\/12918"}],"wp:attachment":[{"href":"https:\/\/www.radiopresidenteibanez.cl\/web\/wp-json\/wp\/v2\/media?parent=12917"}],"wp:term":[{"taxonomy":"category","embeddable":true,"href":"https:\/\/www.radiopresidenteibanez.cl\/web\/wp-json\/wp\/v2\/categories?post=12917"},{"taxonomy":"post_tag","embeddable":true,"href":"https:\/\/www.radiopresidenteibanez.cl\/web\/wp-json\/wp\/v2\/tags?post=12917"}],"curies":[{"name":"wp","href":"https:\/\/api.w.org\/{rel}","templated":true}]}}