{"id":12908,"date":"2020-06-24T14:16:29","date_gmt":"2020-06-24T14:16:29","guid":{"rendered":"https:\/\/www.radiopresidenteibanez.cl\/web\/?p=12908"},"modified":"2020-06-24T14:16:33","modified_gmt":"2020-06-24T14:16:33","slug":"ruta-medica-inicia-su-ejecucion-en-punta-arenas","status":"publish","type":"post","link":"https:\/\/www.radiopresidenteibanez.cl\/web\/ruta-medica-inicia-su-ejecucion-en-punta-arenas\/","title":{"rendered":"RUTA M\u00c9DICA INICIA SU EJECUCI\u00d3N EN PUNTA ARENAS"},"content":{"rendered":"\n<p>Por tercer a\u00f1o consecutivo, el Servicio de Salud Magallanes\nser\u00e1 el encargado de ejecutar el dispositivo Ruta M\u00e9dica perteneciente al\nprograma Noche Digna del Ministerio de Desarrollo Social y Familia, iniciativa\nque cobra especial relevancia por la pandemia de COVID_19 y la llegada del\ninvierno.<\/p>\n\n\n\n<p>En el albergue emplazado en dependencias del Complejo\nDeportivo Fiscal de Punta Arenas, ayer martes 23 de junio, se realiz\u00f3 el\nlanzamiento de la Ruta M\u00e9dica, destinada a la atenci\u00f3n de mujeres y hombres en\nsituaci\u00f3n de calle, en b\u00fasqueda de la protecci\u00f3n de la vida y la superaci\u00f3n de\nsu situaci\u00f3n.<\/p>\n\n\n\n<p>La actividad cont\u00f3 con la presencia del Gobernador de\nMagallanes, Homero Villegas; de la Seremi de Desarrollo Social y Familia, Liz\nCasanueva y del Director del Servicio de Salud regional, Nelson Reyes. <\/p>\n\n\n\n<p>Este dispositivo de salud se implementar\u00e1 por 54 d\u00edas,\nmediante 3 visitas semanales, a trav\u00e9s de un equipo compuesto por un m\u00e9dico,\nenfermero, coordinadora social y TENS, llevando salud a personas que pernoctan\nen la v\u00eda p\u00fablica y en los hospedajes del programa Noche Digna.<\/p>\n\n\n\n<p>Las prestaciones a entregar considerar\u00e1n toma de signos\nvitales, glicemia, presi\u00f3n arterial, prescripci\u00f3n m\u00e9dica, curaciones, entre\notras; adem\u00e1s de gesti\u00f3n de horas m\u00e9dicas, ex\u00e1menes, hospitalizaciones y\nservicio de referencia y contrareferencia, cuando sea pertinente.<\/p>\n\n\n\n<p>El Gobernador de Magallanes, enfatiz\u00f3 sobre la sinergia del\nservicio p\u00fablico, situaci\u00f3n que \u201cpone en valor la importancia de apoyar a todos\nlos ciudadanos, sin importar su condici\u00f3n social. Creo que es un tremendo\nprograma que hay que cuidar por la raz\u00f3n de que vivimos en lugar donde las\ncondiciones clim\u00e1ticas son muy adversas\u201d.<\/p>\n\n\n\n<p>La Seremi de Desarrollo Social y Familia, dio a conocer que,\na trav\u00e9s de estas iniciativas, \u201cno s\u00f3lo brindamos atenci\u00f3n en salud a personas\nen situaci\u00f3n de calle. Con la implementaci\u00f3n del Programa Calle entregamos un\namplio y diverso apoyo para que las personas mayores de 18 a\u00f1os superen la\nsituaci\u00f3n de calle, a trav\u00e9s de acompa\u00f1amientos psicosociales y sociolaborales.&nbsp; En la regi\u00f3n este trabajo es ejecutado por el\nHogar de Cristo y por la Fundaci\u00f3n para el Desarrollo de Magallanes (Fide XII),\nbeneficiando en la actualidad a 40 personas de forma personalizada. Desde la\nperspectiva psicosocial, buscamos entregar bienestar mediante las dimensiones\nde trabajo, seguridad social, salud f\u00edsica y mental, educaci\u00f3n, habitabilidad y\nvivienda, promoci\u00f3n y protecci\u00f3n de los derechos, y vinculaci\u00f3n familiar con el\nmedio. En cuanto al \u00e1rea sociolaboral, su objetivo es potenciar las\ncompetencias laborales para que las personas puedan insertarse, ya sea por un\nemprendimiento o contrato laboral\u201d, acot\u00f3 la autoridad.<\/p>\n\n\n\n<p>Para el Director del Servicio de Salud Magallanes, la\nejecuci\u00f3n del dispositivo involucra el reconocimiento al trabajo asociativo\nlogrado, beneficiando directamente a las personas en situaci\u00f3n de calle o con\nmayor vulnerabilidad. \u201cDurante los dos a\u00f1os previos hemos alcanzado excelentes\nresultados gracias al trabajo junto a la Seremi de Desarrollo Social, del\nequipo cl\u00ednico en terreno y de la gesti\u00f3n propia de la Subdirecci\u00f3n de Atenci\u00f3n\nPrimaria y de su referente, por lo que agradezco el compromiso entregado a esta\niniciativa y de la misma forma, los insto a trabajar con mayor empuje este\n2020\u201d, puntualiz\u00f3 el director.<\/p>\n\n\n\n<p>La ejecuci\u00f3n a\u00f1o 2019 consider\u00f3 la atenci\u00f3n de 157 usuarios,\nde los cuales 138 fueron hombres y 19 mujeres, realiz\u00e1ndose 30 derivaciones, 10\ninscripciones en Atenci\u00f3n Primaria de Salud (APS) y 25 traslados para atenci\u00f3n\nmayor, con un total de 1841 prestaciones en el per\u00edodo.<\/p>\n","protected":false},"excerpt":{"rendered":"<p>Por tercer a\u00f1o consecutivo, el Servicio de Salud Magallanes ser\u00e1 el encargado de ejecutar el dispositivo Ruta M\u00e9dica perteneciente al programa Noche Digna del Ministerio de Desarrollo Social y Familia,&#8230; <a class=\"read-more\" href=\"https:\/\/www.radiopresidenteibanez.cl\/web\/ruta-medica-inicia-su-ejecucion-en-punta-arenas\/\">Leer m\u00e1s<\/a><\/p>\n","protected":false},"author":2,"featured_media":12909,"comment_status":"closed","ping_status":"closed","sticky":false,"template":"","format":"standard","meta":{"footnotes":""},"categories":[1],"tags":[],"class_list":["post-12908","post","type-post","status-publish","format-standard","has-post-thumbnail","hentry","category-cronica"],"_links":{"self":[{"href":"https:\/\/www.radiopresidenteibanez.cl\/web\/wp-json\/wp\/v2\/posts\/12908","targetHints":{"allow":["GET"]}}],"collection":[{"href":"https:\/\/www.radiopresidenteibanez.cl\/web\/wp-json\/wp\/v2\/posts"}],"about":[{"href":"https:\/\/www.radiopresidenteibanez.cl\/web\/wp-json\/wp\/v2\/types\/post"}],"author":[{"embeddable":true,"href":"https:\/\/www.radiopresidenteibanez.cl\/web\/wp-json\/wp\/v2\/users\/2"}],"replies":[{"embeddable":true,"href":"https:\/\/www.radiopresidenteibanez.cl\/web\/wp-json\/wp\/v2\/comments?post=12908"}],"version-history":[{"count":0,"href":"https:\/\/www.radiopresidenteibanez.cl\/web\/wp-json\/wp\/v2\/posts\/12908\/revisions"}],"wp:featuredmedia":[{"embeddable":true,"href":"https:\/\/www.radiopresidenteibanez.cl\/web\/wp-json\/wp\/v2\/media\/12909"}],"wp:attachment":[{"href":"https:\/\/www.radiopresidenteibanez.cl\/web\/wp-json\/wp\/v2\/media?parent=12908"}],"wp:term":[{"taxonomy":"category","embeddable":true,"href":"https:\/\/www.radiopresidenteibanez.cl\/web\/wp-json\/wp\/v2\/categories?post=12908"},{"taxonomy":"post_tag","embeddable":true,"href":"https:\/\/www.radiopresidenteibanez.cl\/web\/wp-json\/wp\/v2\/tags?post=12908"}],"curies":[{"name":"wp","href":"https:\/\/api.w.org\/{rel}","templated":true}]}}