{"id":12905,"date":"2020-06-24T14:11:08","date_gmt":"2020-06-24T14:11:08","guid":{"rendered":"https:\/\/www.radiopresidenteibanez.cl\/web\/?p=12905"},"modified":"2020-06-24T14:11:12","modified_gmt":"2020-06-24T14:11:12","slug":"consejero-regional-plantea-preocupacion-por-cruce-maritimo-de-camiones-con-carga-peligrosa-y-no-rotulada","status":"publish","type":"post","link":"https:\/\/www.radiopresidenteibanez.cl\/web\/consejero-regional-plantea-preocupacion-por-cruce-maritimo-de-camiones-con-carga-peligrosa-y-no-rotulada\/","title":{"rendered":"CONSEJERO REGIONAL PLANTEA PREOCUPACI\u00d3N POR CRUCE MAR\u00cdTIMO DE CAMIONES CON CARGA PELIGROSA Y NO ROTULADA"},"content":{"rendered":"\n<p>El consejero regional, Miguel\nSierpe, plante\u00f3 en la sesi\u00f3n plenaria de este lunes su preocupaci\u00f3n respecto a\nlas denuncias referidas al cruce mar\u00edtimo de camiones que transportan carga\npeligrosa sin la debida rotulaci\u00f3n por el Estrecho de Magallanes, v\u00eda ferry\njunto a los dem\u00e1s pasajeros y autom\u00f3viles que utilizan de este medio para\ntrasladarse.<\/p>\n\n\n\n<p>Seg\u00fan coment\u00f3 el consejero\nSierpe, \u201cme preocupa de sobremanera el hecho de que se estar\u00edan transportando\nmateriales peligrosos desde Punta Arenas hacia Tierra del Fuego y que los\ndue\u00f1os de los camiones retiran la rotulaci\u00f3n exigida para este tipo de carga,\nla cual de acuerdo a la normativa vigente deber\u00eda &nbsp;especificar claramente una numeraci\u00f3n y otras descripciones\nrespecto de los materiales que se transportan\u201d. <\/p>\n\n\n\n<p>&nbsp;\u201cSi esto se comprueba y efectivamente est\u00e1 sucediendo,\nme parece muy peligroso y debe haber una repuesta contundente del organismo que\ncorresponda y aparentemente es la seremi de Salud, alguien debe fiscalizar, ya\nque no es posible que una situaci\u00f3n de ese tipo este pasando desapercibida en\nla regi\u00f3n y se vulnere la ley. Esto puede ser a\u00fan m\u00e1s complejo ya que en caso\nde un derrame de material se requiere contar con un protocolo que prevea la\ncontenci\u00f3n del efecto contaminante que pueda darse. Solicitamos se genere un\noficio a&nbsp; fin de que la seremi de Salud o\nel organismo que corresponda informe al respecto y de una repuesta a esta\nsituaci\u00f3n que es importante resolver\u201d, concluy\u00f3 el consejero Sierpe. <\/p>\n","protected":false},"excerpt":{"rendered":"<p>El consejero regional, Miguel Sierpe, plante\u00f3 en la sesi\u00f3n plenaria de este lunes su preocupaci\u00f3n respecto a las denuncias referidas al cruce mar\u00edtimo de camiones que transportan carga peligrosa sin&#8230; <a class=\"read-more\" href=\"https:\/\/www.radiopresidenteibanez.cl\/web\/consejero-regional-plantea-preocupacion-por-cruce-maritimo-de-camiones-con-carga-peligrosa-y-no-rotulada\/\">Leer m\u00e1s<\/a><\/p>\n","protected":false},"author":2,"featured_media":12906,"comment_status":"closed","ping_status":"closed","sticky":false,"template":"","format":"standard","meta":{"footnotes":""},"categories":[1],"tags":[],"class_list":["post-12905","post","type-post","status-publish","format-standard","has-post-thumbnail","hentry","category-cronica"],"_links":{"self":[{"href":"https:\/\/www.radiopresidenteibanez.cl\/web\/wp-json\/wp\/v2\/posts\/12905","targetHints":{"allow":["GET"]}}],"collection":[{"href":"https:\/\/www.radiopresidenteibanez.cl\/web\/wp-json\/wp\/v2\/posts"}],"about":[{"href":"https:\/\/www.radiopresidenteibanez.cl\/web\/wp-json\/wp\/v2\/types\/post"}],"author":[{"embeddable":true,"href":"https:\/\/www.radiopresidenteibanez.cl\/web\/wp-json\/wp\/v2\/users\/2"}],"replies":[{"embeddable":true,"href":"https:\/\/www.radiopresidenteibanez.cl\/web\/wp-json\/wp\/v2\/comments?post=12905"}],"version-history":[{"count":0,"href":"https:\/\/www.radiopresidenteibanez.cl\/web\/wp-json\/wp\/v2\/posts\/12905\/revisions"}],"wp:featuredmedia":[{"embeddable":true,"href":"https:\/\/www.radiopresidenteibanez.cl\/web\/wp-json\/wp\/v2\/media\/12906"}],"wp:attachment":[{"href":"https:\/\/www.radiopresidenteibanez.cl\/web\/wp-json\/wp\/v2\/media?parent=12905"}],"wp:term":[{"taxonomy":"category","embeddable":true,"href":"https:\/\/www.radiopresidenteibanez.cl\/web\/wp-json\/wp\/v2\/categories?post=12905"},{"taxonomy":"post_tag","embeddable":true,"href":"https:\/\/www.radiopresidenteibanez.cl\/web\/wp-json\/wp\/v2\/tags?post=12905"}],"curies":[{"name":"wp","href":"https:\/\/api.w.org\/{rel}","templated":true}]}}