{"id":12902,"date":"2020-06-24T14:08:58","date_gmt":"2020-06-24T14:08:58","guid":{"rendered":"https:\/\/www.radiopresidenteibanez.cl\/web\/?p=12902"},"modified":"2020-06-24T14:09:03","modified_gmt":"2020-06-24T14:09:03","slug":"hospital-clinico-magallanes-crea-unidad-de-telemedicina-que-entregara-atencion-medica-de-especialidad-via-remota","status":"publish","type":"post","link":"https:\/\/www.radiopresidenteibanez.cl\/web\/hospital-clinico-magallanes-crea-unidad-de-telemedicina-que-entregara-atencion-medica-de-especialidad-via-remota\/","title":{"rendered":"HOSPITAL CL\u00cdNICO MAGALLANES CREA UNIDAD DE TELEMEDICINA QUE ENTREGAR\u00c1 ATENCI\u00d3N M\u00c9DICA DE ESPECIALIDAD V\u00cdA REMOTA"},"content":{"rendered":"\n<p>Con\nla realizaci\u00f3n de la primera reuni\u00f3n oficial del equipo de la nueva U&nbsp;&nbsp;&nbsp;&nbsp;&nbsp;&nbsp;&nbsp;&nbsp;&nbsp;&nbsp;&nbsp; nidad de Telemedicina Hospital\nCl\u00ednico Magallanes (HCM), se dio el vamos al trabajo en conjunto que&nbsp; diversas \u00e1reas cl\u00ednicas tendr\u00e1n para resolver\nlas prestaciones m\u00e9dicas de especialidad que por motivo de la pandemia, han\nsido suspendidas. <\/p>\n\n\n\n<p>En\nHCM la telemedicina se realiza desde hace un tiempo en especialidades como\nneurolog\u00eda, pero debido a la contingencia y a la necesidad de poder dar\ncontinuidad a la atenci\u00f3n ambulatoria se crea la Unidad de Telemedicina que\ndepende directamente de la Subdirecci\u00f3n M\u00e9dica y&nbsp; que es liderada por el Dr. Javier Gaete,\nneur\u00f3logo HCM.<\/p>\n\n\n\n<p>Durante\nla reuni\u00f3n se establecieron los lineamientos&nbsp;\ndel equipo, se realiz\u00f3 el diagnostico de los &nbsp;requerimientos y se plantearon&nbsp; los objetivos para establecer cu\u00e1les son las\nespecialidades que en primera instancia, debutar\u00e1n en esta forma de atenci\u00f3n. &nbsp;<\/p>\n\n\n\n<p>&nbsp;&nbsp;La\nUnidad de Telemedicina HCM busca abrir un abanico de especialidades que\nentreguen atenci\u00f3n m\u00e9dica remota segura y de calidad, que cumple con los\nprotocolos establecidos y que al igual que la atenci\u00f3n presencial, se entrega\ndentro de un marco legal que respeta los derechos y deberes de los usuarios. En\nun&nbsp; principio las atenciones v\u00eda&nbsp; telemedicina ser\u00e1n neurolog\u00eda, nefrolog\u00eda,\ndermatolog\u00eda, urolog\u00eda y kinesiolog\u00eda.&nbsp; <\/p>\n\n\n\n<p>Al\nrespecto el Director Ricardo Contreras se\u00f1al\u00f3 que: \u201cHoy d\u00eda el equipo cl\u00ednico\nde nuestro hospital ha resuelto potenciar la telemedicina creando esta unidad que\nbusca identificar y conseguir que distintas especialidades m\u00e9dicas puedan\ngenerar&nbsp; prestaciones remotas sin la\nnecesidad de que el usuario acuda presencialmente. Es necesario recuperar la\nactividad ambulatoria que con motivo de la pandemia qued\u00f3 rezagada\u201d. <\/p>\n\n\n\n<p>En\ntanto el Dr. Claudio Barr\u00eda, Subdirector M\u00e9dico (s) agreg\u00f3 que: \u201cLo que queda\nes culminar las acciones administrativas correspondientes para poder iniciar la\natenci\u00f3n. Queremos extender a la mayor cantidad de profesionales que pudiesen\ntrabajar en este sistema de telemedicina\u201d, finaliz\u00f3. <\/p>\n","protected":false},"excerpt":{"rendered":"<p>Con la realizaci\u00f3n de la primera reuni\u00f3n oficial del equipo de la nueva U&nbsp;&nbsp;&nbsp;&nbsp;&nbsp;&nbsp;&nbsp;&nbsp;&nbsp;&nbsp;&nbsp; nidad de Telemedicina Hospital Cl\u00ednico Magallanes (HCM), se dio el vamos al trabajo en conjunto que&nbsp;&#8230; <a class=\"read-more\" href=\"https:\/\/www.radiopresidenteibanez.cl\/web\/hospital-clinico-magallanes-crea-unidad-de-telemedicina-que-entregara-atencion-medica-de-especialidad-via-remota\/\">Leer m\u00e1s<\/a><\/p>\n","protected":false},"author":2,"featured_media":12903,"comment_status":"closed","ping_status":"closed","sticky":false,"template":"","format":"standard","meta":{"footnotes":""},"categories":[1],"tags":[],"class_list":["post-12902","post","type-post","status-publish","format-standard","has-post-thumbnail","hentry","category-cronica"],"_links":{"self":[{"href":"https:\/\/www.radiopresidenteibanez.cl\/web\/wp-json\/wp\/v2\/posts\/12902","targetHints":{"allow":["GET"]}}],"collection":[{"href":"https:\/\/www.radiopresidenteibanez.cl\/web\/wp-json\/wp\/v2\/posts"}],"about":[{"href":"https:\/\/www.radiopresidenteibanez.cl\/web\/wp-json\/wp\/v2\/types\/post"}],"author":[{"embeddable":true,"href":"https:\/\/www.radiopresidenteibanez.cl\/web\/wp-json\/wp\/v2\/users\/2"}],"replies":[{"embeddable":true,"href":"https:\/\/www.radiopresidenteibanez.cl\/web\/wp-json\/wp\/v2\/comments?post=12902"}],"version-history":[{"count":0,"href":"https:\/\/www.radiopresidenteibanez.cl\/web\/wp-json\/wp\/v2\/posts\/12902\/revisions"}],"wp:featuredmedia":[{"embeddable":true,"href":"https:\/\/www.radiopresidenteibanez.cl\/web\/wp-json\/wp\/v2\/media\/12903"}],"wp:attachment":[{"href":"https:\/\/www.radiopresidenteibanez.cl\/web\/wp-json\/wp\/v2\/media?parent=12902"}],"wp:term":[{"taxonomy":"category","embeddable":true,"href":"https:\/\/www.radiopresidenteibanez.cl\/web\/wp-json\/wp\/v2\/categories?post=12902"},{"taxonomy":"post_tag","embeddable":true,"href":"https:\/\/www.radiopresidenteibanez.cl\/web\/wp-json\/wp\/v2\/tags?post=12902"}],"curies":[{"name":"wp","href":"https:\/\/api.w.org\/{rel}","templated":true}]}}