{"id":12893,"date":"2020-06-24T14:00:33","date_gmt":"2020-06-24T14:00:33","guid":{"rendered":"https:\/\/www.radiopresidenteibanez.cl\/web\/?p=12893"},"modified":"2020-06-24T14:00:37","modified_gmt":"2020-06-24T14:00:37","slug":"core-aprobo-ejecucion-de-cuatro-proyectos-fril-presentados-por-el-municipio-de-punta-arenas","status":"publish","type":"post","link":"https:\/\/www.radiopresidenteibanez.cl\/web\/core-aprobo-ejecucion-de-cuatro-proyectos-fril-presentados-por-el-municipio-de-punta-arenas\/","title":{"rendered":"CORE APROB\u00d3 EJECUCI\u00d3N DE CUATRO PROYECTOS FRIL PRESENTADOS POR EL MUNICIPIO DE PUNTA ARENAS"},"content":{"rendered":"\n<p>Por unanimidad el Consejo\nRegional de Magallanes y de la Ant\u00e1rtica Chilena aprob\u00f3 este lunes la ejecuci\u00f3n\nde cuatro iniciativas presentadas por el municipio de Punta Arenas que\nser\u00e1n&nbsp; financiadas a trav\u00e9s de los\nrecursos del Fondo Regional de Iniciativa Local (FRIL). <\/p>\n\n\n\n<p>Se trata de la \u201cConservaci\u00f3n Pintura Escuela Argentina\u201d, \u201cConservaci\u00f3n Pintura Escuela Arturo Prat Chac\u00f3n y\nOtros\u201d, \u201cConservaci\u00f3n Pintura Escuela Croacia\u201d y \u201cMejoramiento Instalaciones\nEdificio Municipal 21 de Mayo\u201d que representan una inversi\u00f3n de 259 millones de\npesos con cargo a los recursos FRIL asignados al municipio de Punta Arenas, al\ncual de acuerdo a la propuesta de Distribuci\u00f3n\nComunal a\u00f1o 2020 aprobada por el CORE a principios de enero le corresponde un\ntotal de 1.800 millones de pesos. <\/p>\n\n\n\n<p>Seg\u00fan\ncoment\u00f3 el presidente de la comisi\u00f3n Infraestructura y Patrimonio, Miguel\nSierpe, \u201cestamos satisfechos ya que estos proyectos presentados por el\nmunicipio permitir\u00e1n que durante tres meses 92 personas tengan un trabajo\nremunerado, sin embargo nos parece que es una reiteraci\u00f3n de lo hemos venido\nhaciendo por a\u00f1os y seguimos generando un trabajo bastante precario ya que\nfalta un mont\u00f3n de asignaciones y beneficios con los que deber\u00edan contar estos\ntrabajadores. Esperamos que gran parte de los recursos sean destinados a la\nmano de obra y sirvan de alguna manera a muchas familias que hoy lo est\u00e1n\npasando muy mal\u201d.<\/p>\n\n\n\n<p>Por\nsu parte el vicepresidente de dicha comisi\u00f3n, Ram\u00f3n Lobos, explic\u00f3 que \u201clos\nproyectos FRIL nacen con la finalidad que los municipios peque\u00f1os logren acceder\na fondos del Gobierno Regional y posteriormente, a fin de absorber mano de obra\ncesante se plantea esta metodolog\u00eda para los m\u00e1s grandes. A partir de la\npandemia es necesario que estos fondos se abran a la totalidad de la poblaci\u00f3n y\nno sean los mismos de siempre quienes accedan a los beneficios, hoy el Estado\ncomo nunca debe focalizar los recursos y la municipalidad debe ir en directo\nbeneficio de aquellas personas que han perdido su trabajo. Es deber \u00e9tico no\nhacer m\u00e1s de lo mismo y es imperativo hacerlo bien a la primera\u201d, insisti\u00f3 el\nconsejero Lobos. &nbsp;<\/p>\n\n\n\n<p>Asimismo\nel consejero de \u00daltima Esperanza, Tolentino Soto, se refiri\u00f3 a la necesidad de fomentar\nla capacitaci\u00f3n de trabajadores \u201ces un tema en el que hemos insistido muchas\nveces y somos cr\u00edticos en cuanto a la mano de obra for\u00e1nea pero por otro lado no\nse est\u00e1 haciendo mucho por capacitar personas en oficios que son mejor pagados.\nLos municipios deben buscar una l\u00ednea de financiamiento a fin de contar con\nmano de obra calificada local\u201d.<\/p>\n\n\n\n<p>Finalmente\nel consejero, Antonio Bradasic, concluy\u00f3 \u201cestos proyectos solucionan un problema\nde mantenimiento y mejoras de las escuelas permitiendo un buen retorno a clases\ncuando sea posible y por otro lado ayudan a m\u00e1s de noventa familias a contar\ncon una fuente de trabajo y disminuir la cesant\u00eda que producto de la pandemia est\u00e1\ngolpeando duramente la regi\u00f3n\u201d<\/p>\n","protected":false},"excerpt":{"rendered":"<p>Por unanimidad el Consejo Regional de Magallanes y de la Ant\u00e1rtica Chilena aprob\u00f3 este lunes la ejecuci\u00f3n de cuatro iniciativas presentadas por el municipio de Punta Arenas que ser\u00e1n&nbsp; financiadas&#8230; <a class=\"read-more\" href=\"https:\/\/www.radiopresidenteibanez.cl\/web\/core-aprobo-ejecucion-de-cuatro-proyectos-fril-presentados-por-el-municipio-de-punta-arenas\/\">Leer m\u00e1s<\/a><\/p>\n","protected":false},"author":2,"featured_media":12894,"comment_status":"closed","ping_status":"closed","sticky":false,"template":"","format":"standard","meta":{"footnotes":""},"categories":[1],"tags":[],"class_list":["post-12893","post","type-post","status-publish","format-standard","has-post-thumbnail","hentry","category-cronica"],"_links":{"self":[{"href":"https:\/\/www.radiopresidenteibanez.cl\/web\/wp-json\/wp\/v2\/posts\/12893","targetHints":{"allow":["GET"]}}],"collection":[{"href":"https:\/\/www.radiopresidenteibanez.cl\/web\/wp-json\/wp\/v2\/posts"}],"about":[{"href":"https:\/\/www.radiopresidenteibanez.cl\/web\/wp-json\/wp\/v2\/types\/post"}],"author":[{"embeddable":true,"href":"https:\/\/www.radiopresidenteibanez.cl\/web\/wp-json\/wp\/v2\/users\/2"}],"replies":[{"embeddable":true,"href":"https:\/\/www.radiopresidenteibanez.cl\/web\/wp-json\/wp\/v2\/comments?post=12893"}],"version-history":[{"count":0,"href":"https:\/\/www.radiopresidenteibanez.cl\/web\/wp-json\/wp\/v2\/posts\/12893\/revisions"}],"wp:featuredmedia":[{"embeddable":true,"href":"https:\/\/www.radiopresidenteibanez.cl\/web\/wp-json\/wp\/v2\/media\/12894"}],"wp:attachment":[{"href":"https:\/\/www.radiopresidenteibanez.cl\/web\/wp-json\/wp\/v2\/media?parent=12893"}],"wp:term":[{"taxonomy":"category","embeddable":true,"href":"https:\/\/www.radiopresidenteibanez.cl\/web\/wp-json\/wp\/v2\/categories?post=12893"},{"taxonomy":"post_tag","embeddable":true,"href":"https:\/\/www.radiopresidenteibanez.cl\/web\/wp-json\/wp\/v2\/tags?post=12893"}],"curies":[{"name":"wp","href":"https:\/\/api.w.org\/{rel}","templated":true}]}}