{"id":12890,"date":"2020-06-24T13:59:13","date_gmt":"2020-06-24T13:59:13","guid":{"rendered":"https:\/\/www.radiopresidenteibanez.cl\/web\/?p=12890"},"modified":"2020-06-24T13:59:17","modified_gmt":"2020-06-24T13:59:17","slug":"pdi-puerto-natales-brindo-un-almuerzo-en-el-albergue-del-hogar-de-cristo","status":"publish","type":"post","link":"https:\/\/www.radiopresidenteibanez.cl\/web\/pdi-puerto-natales-brindo-un-almuerzo-en-el-albergue-del-hogar-de-cristo\/","title":{"rendered":"PDI PUERTO NATALES BRIND\u00d3 UN ALMUERZO EN EL ALBERGUE DEL HOGAR DE CRISTO"},"content":{"rendered":"\n<p>Detectives de la Polic\u00eda de\nInvestigaciones de Puerto Natales conmemoraron el octog\u00e9simo s\u00e9ptimo\naniversario institucional con una actividad solidaria que consisti\u00f3 en ofrecerle\nun almuerzo a quienes residen en el Albergue del Hogar de Cristo de la ciudad.<\/p>\n\n\n\n<p>Fueron los propios oficiales de la\nBrigada de Investigaci\u00f3n Criminal (Bicrim) y del departamento de Migraciones y\nPolic\u00eda Internacional de Puerto Natales quienes prepararon la comida y aprovecharon\nde entregar un momento de alegr\u00eda y esparcimiento a quienes viven en el\nrecinto. <\/p>\n\n\n\n<p>\u201cQuisimos realizar esta actividad social\ny concurrir al Albergue del Hogar de Cristo, el cual cobija a alrededor de 10\nhombres mayores de edad, que no poseen v\u00ednculos familiares cercanos en la\nciudad, ni tampoco alg\u00fan tipo de actividad remunerada\u201d, expres\u00f3 el subprefecto\nCristian Robledo, jefe de la Bicrim Puerto Natales.&nbsp; <\/p>\n\n\n\n<p>Adem\u00e1s, los detectives realizaron una\ndonaci\u00f3n a quienes viven en el albergue, de una serie de art\u00edculos de aseo y de\nprotecci\u00f3n personal como mascarillas y guantes, que los ayudar\u00e1n a cuidarse de\nla pandemia por Covid-19 que vive nuestro pa\u00eds. <\/p>\n","protected":false},"excerpt":{"rendered":"<p>Detectives de la Polic\u00eda de Investigaciones de Puerto Natales conmemoraron el octog\u00e9simo s\u00e9ptimo aniversario institucional con una actividad solidaria que consisti\u00f3 en ofrecerle un almuerzo a quienes residen en el&#8230; <a class=\"read-more\" href=\"https:\/\/www.radiopresidenteibanez.cl\/web\/pdi-puerto-natales-brindo-un-almuerzo-en-el-albergue-del-hogar-de-cristo\/\">Leer m\u00e1s<\/a><\/p>\n","protected":false},"author":2,"featured_media":12891,"comment_status":"closed","ping_status":"closed","sticky":false,"template":"","format":"standard","meta":{"footnotes":""},"categories":[1],"tags":[],"class_list":["post-12890","post","type-post","status-publish","format-standard","has-post-thumbnail","hentry","category-cronica"],"_links":{"self":[{"href":"https:\/\/www.radiopresidenteibanez.cl\/web\/wp-json\/wp\/v2\/posts\/12890","targetHints":{"allow":["GET"]}}],"collection":[{"href":"https:\/\/www.radiopresidenteibanez.cl\/web\/wp-json\/wp\/v2\/posts"}],"about":[{"href":"https:\/\/www.radiopresidenteibanez.cl\/web\/wp-json\/wp\/v2\/types\/post"}],"author":[{"embeddable":true,"href":"https:\/\/www.radiopresidenteibanez.cl\/web\/wp-json\/wp\/v2\/users\/2"}],"replies":[{"embeddable":true,"href":"https:\/\/www.radiopresidenteibanez.cl\/web\/wp-json\/wp\/v2\/comments?post=12890"}],"version-history":[{"count":0,"href":"https:\/\/www.radiopresidenteibanez.cl\/web\/wp-json\/wp\/v2\/posts\/12890\/revisions"}],"wp:featuredmedia":[{"embeddable":true,"href":"https:\/\/www.radiopresidenteibanez.cl\/web\/wp-json\/wp\/v2\/media\/12891"}],"wp:attachment":[{"href":"https:\/\/www.radiopresidenteibanez.cl\/web\/wp-json\/wp\/v2\/media?parent=12890"}],"wp:term":[{"taxonomy":"category","embeddable":true,"href":"https:\/\/www.radiopresidenteibanez.cl\/web\/wp-json\/wp\/v2\/categories?post=12890"},{"taxonomy":"post_tag","embeddable":true,"href":"https:\/\/www.radiopresidenteibanez.cl\/web\/wp-json\/wp\/v2\/tags?post=12890"}],"curies":[{"name":"wp","href":"https:\/\/api.w.org\/{rel}","templated":true}]}}