{"id":12887,"date":"2020-06-24T13:48:06","date_gmt":"2020-06-24T13:48:06","guid":{"rendered":"https:\/\/www.radiopresidenteibanez.cl\/web\/?p=12887"},"modified":"2020-06-24T13:48:09","modified_gmt":"2020-06-24T13:48:09","slug":"servicio-salud-se-refiere-al-hecho-ocurrido-en-residencia-sanitaria-en-punta-arenas","status":"publish","type":"post","link":"https:\/\/www.radiopresidenteibanez.cl\/web\/servicio-salud-se-refiere-al-hecho-ocurrido-en-residencia-sanitaria-en-punta-arenas\/","title":{"rendered":"SERVICIO SALUD SE REFIERE AL HECHO OCURRIDO EN RESIDENCIA SANITARIA EN PUNTA ARENAS"},"content":{"rendered":"\n<p>La Direcci\u00f3n del Servicio de Salud Magallanes informa  ante situaci\u00f3n difundida a trav\u00e9s de redes sociales por medios de comunicaci\u00f3n y acontecida la tarde noche de este martes 23 de junio, en la ciudad de Punta Arenas que,<\/p>\n\n\n\n<p>Los hechos descritos se desarrollan en un establecimiento hotelero de la ciudad de Punta Arenas, en convenio por estrategia de Residencias Sanitarias.<\/p>\n\n\n\n<p>El equipo gestor de la estrategia perteneciente a la Subdirecci\u00f3n de Atenci\u00f3n Primaria, fue informado por el equipo cl\u00ednico a cargo del dispositivo de una situaci\u00f3n compleja con un residente diagnosticado como positivo a COVID_19.<\/p>\n\n\n\n<p>Paralelamente se adoptaron por parte del establecimiento hotelero como por equipo gestor, protocolo definido para estas situaciones, que considera el aviso a fuerza p\u00fablica y Autoridad Sanitaria para contener y tomar medidas pertinentes.<\/p>\n\n\n\n<p>Se\u00f1alar que el residente se mantiene al interior de su habitaci\u00f3n en el establecimiento, no siendo efectiva la informaci\u00f3n de fuga.<\/p>\n\n\n\n<p>Como se ha indicado con antelaci\u00f3n, las Residencias Sanitarias deben ser entendidas como una extensi\u00f3n del domicilio del residente y por ning\u00fan motivo, constituye privaci\u00f3n de libertad, sino m\u00e1s bien una medida sanitaria que obedece a disminuir la propagaci\u00f3n del virus en la comunidad.<\/p>\n\n\n\n<p>Sinceramente lamentamos este tipo de situaciones, pero muy especialmente la conducta de algunos residentes, cuando lo principal es resguardar mediante acciones de autocuidado y responsabilidad individual la salud de los magall\u00e1nicos\/as.<\/p>\n\n\n\n<p><\/p>\n\n\n\n<p>imagen archivo.<\/p>\n","protected":false},"excerpt":{"rendered":"<p>La Direcci\u00f3n del Servicio de Salud Magallanes informa ante situaci\u00f3n difundida a trav\u00e9s de redes sociales por medios de comunicaci\u00f3n y acontecida la tarde noche de este martes 23 de&#8230; <a class=\"read-more\" href=\"https:\/\/www.radiopresidenteibanez.cl\/web\/servicio-salud-se-refiere-al-hecho-ocurrido-en-residencia-sanitaria-en-punta-arenas\/\">Leer m\u00e1s<\/a><\/p>\n","protected":false},"author":2,"featured_media":12888,"comment_status":"closed","ping_status":"closed","sticky":false,"template":"","format":"standard","meta":{"footnotes":""},"categories":[1],"tags":[],"class_list":["post-12887","post","type-post","status-publish","format-standard","has-post-thumbnail","hentry","category-cronica"],"_links":{"self":[{"href":"https:\/\/www.radiopresidenteibanez.cl\/web\/wp-json\/wp\/v2\/posts\/12887","targetHints":{"allow":["GET"]}}],"collection":[{"href":"https:\/\/www.radiopresidenteibanez.cl\/web\/wp-json\/wp\/v2\/posts"}],"about":[{"href":"https:\/\/www.radiopresidenteibanez.cl\/web\/wp-json\/wp\/v2\/types\/post"}],"author":[{"embeddable":true,"href":"https:\/\/www.radiopresidenteibanez.cl\/web\/wp-json\/wp\/v2\/users\/2"}],"replies":[{"embeddable":true,"href":"https:\/\/www.radiopresidenteibanez.cl\/web\/wp-json\/wp\/v2\/comments?post=12887"}],"version-history":[{"count":0,"href":"https:\/\/www.radiopresidenteibanez.cl\/web\/wp-json\/wp\/v2\/posts\/12887\/revisions"}],"wp:featuredmedia":[{"embeddable":true,"href":"https:\/\/www.radiopresidenteibanez.cl\/web\/wp-json\/wp\/v2\/media\/12888"}],"wp:attachment":[{"href":"https:\/\/www.radiopresidenteibanez.cl\/web\/wp-json\/wp\/v2\/media?parent=12887"}],"wp:term":[{"taxonomy":"category","embeddable":true,"href":"https:\/\/www.radiopresidenteibanez.cl\/web\/wp-json\/wp\/v2\/categories?post=12887"},{"taxonomy":"post_tag","embeddable":true,"href":"https:\/\/www.radiopresidenteibanez.cl\/web\/wp-json\/wp\/v2\/tags?post=12887"}],"curies":[{"name":"wp","href":"https:\/\/api.w.org\/{rel}","templated":true}]}}