{"id":12880,"date":"2020-06-23T02:20:43","date_gmt":"2020-06-23T02:20:43","guid":{"rendered":"https:\/\/www.radiopresidenteibanez.cl\/web\/?p=12880"},"modified":"2020-06-23T02:24:12","modified_gmt":"2020-06-23T02:24:12","slug":"incendio-consumio-vivienda-en-el-sector-lenadura-de-punta-arenas","status":"publish","type":"post","link":"https:\/\/www.radiopresidenteibanez.cl\/web\/incendio-consumio-vivienda-en-el-sector-lenadura-de-punta-arenas\/","title":{"rendered":"INCENDIO CONSUMI\u00d3 VIVIENDA EN EL SECTOR LE\u00d1ADURA DE PUNTA ARENAS"},"content":{"rendered":"\n<p>Pasadas las 21:30 horas, voluntarios de tres compa\u00f1\u00edas de Bomberos, se trasladaron hasta una vivienda ubicada en el kil\u00f3metro 7.5 de la ruta 9 sur, en el sector Le\u00f1adura de Punta Arenas, en el lugar una vivienda de dos niveles se vio consumida en su totalidad por el fuego.<\/p>\n\n\n\n<p>En la ocasi\u00f3n se solicit\u00f3 la presencia del personal param\u00e9dico de Bomberos, esto solo como medida preventiva en el caso de haber ocurrido un accidente.<\/p>\n\n\n\n<p><\/p>\n\n\n\n<p>Noticia en desarrollo \/ CHH.<\/p>\n","protected":false},"excerpt":{"rendered":"<p>Pasadas las 21:30 horas, voluntarios de tres compa\u00f1\u00edas de Bomberos, se trasladaron hasta una vivienda ubicada en el kil\u00f3metro 7.5 de la ruta 9 sur, en el sector Le\u00f1adura de&#8230; <a class=\"read-more\" href=\"https:\/\/www.radiopresidenteibanez.cl\/web\/incendio-consumio-vivienda-en-el-sector-lenadura-de-punta-arenas\/\">Leer m\u00e1s<\/a><\/p>\n","protected":false},"author":2,"featured_media":12881,"comment_status":"closed","ping_status":"closed","sticky":false,"template":"","format":"standard","meta":{"footnotes":""},"categories":[1],"tags":[],"class_list":["post-12880","post","type-post","status-publish","format-standard","has-post-thumbnail","hentry","category-cronica"],"_links":{"self":[{"href":"https:\/\/www.radiopresidenteibanez.cl\/web\/wp-json\/wp\/v2\/posts\/12880","targetHints":{"allow":["GET"]}}],"collection":[{"href":"https:\/\/www.radiopresidenteibanez.cl\/web\/wp-json\/wp\/v2\/posts"}],"about":[{"href":"https:\/\/www.radiopresidenteibanez.cl\/web\/wp-json\/wp\/v2\/types\/post"}],"author":[{"embeddable":true,"href":"https:\/\/www.radiopresidenteibanez.cl\/web\/wp-json\/wp\/v2\/users\/2"}],"replies":[{"embeddable":true,"href":"https:\/\/www.radiopresidenteibanez.cl\/web\/wp-json\/wp\/v2\/comments?post=12880"}],"version-history":[{"count":0,"href":"https:\/\/www.radiopresidenteibanez.cl\/web\/wp-json\/wp\/v2\/posts\/12880\/revisions"}],"wp:featuredmedia":[{"embeddable":true,"href":"https:\/\/www.radiopresidenteibanez.cl\/web\/wp-json\/wp\/v2\/media\/12881"}],"wp:attachment":[{"href":"https:\/\/www.radiopresidenteibanez.cl\/web\/wp-json\/wp\/v2\/media?parent=12880"}],"wp:term":[{"taxonomy":"category","embeddable":true,"href":"https:\/\/www.radiopresidenteibanez.cl\/web\/wp-json\/wp\/v2\/categories?post=12880"},{"taxonomy":"post_tag","embeddable":true,"href":"https:\/\/www.radiopresidenteibanez.cl\/web\/wp-json\/wp\/v2\/tags?post=12880"}],"curies":[{"name":"wp","href":"https:\/\/api.w.org\/{rel}","templated":true}]}}