{"id":12877,"date":"2020-06-23T02:08:20","date_gmt":"2020-06-23T02:08:20","guid":{"rendered":"https:\/\/www.radiopresidenteibanez.cl\/web\/?p=12877"},"modified":"2020-06-23T02:08:24","modified_gmt":"2020-06-23T02:08:24","slug":"senadora-carolina-goic-hay-datos-preocupantes-que-justifican-objetivamente-el-que-existan-cuarentena-nuevamente-en-punta-arenas","status":"publish","type":"post","link":"https:\/\/www.radiopresidenteibanez.cl\/web\/senadora-carolina-goic-hay-datos-preocupantes-que-justifican-objetivamente-el-que-existan-cuarentena-nuevamente-en-punta-arenas\/","title":{"rendered":"SENADORA CAROLINA GOIC: \u201cHAY DATOS PREOCUPANTES QUE JUSTIFICAN OBJETIVAMENTE  EL QUE EXISTAN CUARENTENA NUEVAMENTE EN PUNTA ARENAS\u201d"},"content":{"rendered":"\n<p>Luego de una reuni\u00f3n sostenida con\nla seremi de salud Mariela Rojas, la seremi de ciencia Pamela Santib\u00e1\u00f1ez, el\npresidente del colegio m\u00e9dico Gonzalo S\u00e1ez, el doctor Marcelo Navarrete, entre\notros, la senadora magall\u00e1nica Carolina Goic se manifest\u00f3 preocupada por el\nrebrote de contagios con COVID-19 que se han detectado en la regi\u00f3n, lo que a\nsu juicio, amerita mirar estas cifras no s\u00f3lo como n\u00fameros, si no con una\nmirada de preocupaci\u00f3n, prevenci\u00f3n y protecci\u00f3n para los habitantes de la zona.<\/p>\n\n\n\n<p>\u201cLo primero es agradecer a todos\nlos actores que participaron de esta reuni\u00f3n, son quienes han estado haciendo\nel seguimiento de esta pandemia, y creo que se ha hecho un buen trabajo, pero\nadem\u00e1s quiero hacerme cargo del planteamiento que me han hecho. Hoy d\u00eda tenemos\ndatos que son preocupantes, que justifican objetivamente el que exista\ncuarentena nuevamente en la comuna de Punta Arenas\u201d, expres\u00f3 Carolina Goic.<\/p>\n\n\n\n<p>Luego agreg\u00f3 que hemos tenido un\naumento sostenido en los contagios, en la cantidad de ex\u00e1menes que salen\npositivos, que ya no obedecen a determinados focos, y por lo tanto no se puede\nperder el tiempo. <\/p>\n\n\n\n<p>\u201cMi solicitud es al ministro, a\nlas autoridades del nivel central y regional que se decrete la cuarentena en\nPunta Arenas, para que de esta manera se vuelva a tomar el control del\ncontagio, as\u00ed evit\u00e1remos algo que puede ser muy grave en este momento,&nbsp; a diferencia de lo que sucedi\u00f3 hace algunas\nsemanas. Hoy no tenemos la posibilidad de trasladar a personas al norte del\npa\u00eds, y eso es determinante para dejar pasar los d\u00edas\u201d, apunt\u00f3 la parlamentaria\nmagall\u00e1nica.<\/p>\n\n\n\n<p>Seguidamente indic\u00f3 que como es\nsabido, nuestra red hospitalaria es limitada en la atenci\u00f3n de camas cr\u00edticas,\nlo que tienes que ser tomada en cuenta por las autoridades para que se adopten\nlas medidas de cuarentena y junto con eso fortalecer el trabajo con la red de\natenci\u00f3n primaria de salud.<\/p>\n\n\n\n<p>\u201cSi se decreta cuarentena total\nes necesario revisar aquellas empresas que no son servicios esenciales y que no\ndeber\u00edan funcionar en tiempo de cuarentena pues s\u00f3lo favorecen el aumento de\ncontagios, ponen en riesgo muchas veces a sus trabajadores\u201d, concluy\u00f3 la\nsenadora Carolina Goic. &nbsp;<\/p>\n","protected":false},"excerpt":{"rendered":"<p>Luego de una reuni\u00f3n sostenida con la seremi de salud Mariela Rojas, la seremi de ciencia Pamela Santib\u00e1\u00f1ez, el presidente del colegio m\u00e9dico Gonzalo S\u00e1ez, el doctor Marcelo Navarrete, entre&#8230; <a class=\"read-more\" href=\"https:\/\/www.radiopresidenteibanez.cl\/web\/senadora-carolina-goic-hay-datos-preocupantes-que-justifican-objetivamente-el-que-existan-cuarentena-nuevamente-en-punta-arenas\/\">Leer m\u00e1s<\/a><\/p>\n","protected":false},"author":2,"featured_media":12878,"comment_status":"closed","ping_status":"closed","sticky":false,"template":"","format":"standard","meta":{"footnotes":""},"categories":[1],"tags":[],"class_list":["post-12877","post","type-post","status-publish","format-standard","has-post-thumbnail","hentry","category-cronica"],"_links":{"self":[{"href":"https:\/\/www.radiopresidenteibanez.cl\/web\/wp-json\/wp\/v2\/posts\/12877","targetHints":{"allow":["GET"]}}],"collection":[{"href":"https:\/\/www.radiopresidenteibanez.cl\/web\/wp-json\/wp\/v2\/posts"}],"about":[{"href":"https:\/\/www.radiopresidenteibanez.cl\/web\/wp-json\/wp\/v2\/types\/post"}],"author":[{"embeddable":true,"href":"https:\/\/www.radiopresidenteibanez.cl\/web\/wp-json\/wp\/v2\/users\/2"}],"replies":[{"embeddable":true,"href":"https:\/\/www.radiopresidenteibanez.cl\/web\/wp-json\/wp\/v2\/comments?post=12877"}],"version-history":[{"count":0,"href":"https:\/\/www.radiopresidenteibanez.cl\/web\/wp-json\/wp\/v2\/posts\/12877\/revisions"}],"wp:featuredmedia":[{"embeddable":true,"href":"https:\/\/www.radiopresidenteibanez.cl\/web\/wp-json\/wp\/v2\/media\/12878"}],"wp:attachment":[{"href":"https:\/\/www.radiopresidenteibanez.cl\/web\/wp-json\/wp\/v2\/media?parent=12877"}],"wp:term":[{"taxonomy":"category","embeddable":true,"href":"https:\/\/www.radiopresidenteibanez.cl\/web\/wp-json\/wp\/v2\/categories?post=12877"},{"taxonomy":"post_tag","embeddable":true,"href":"https:\/\/www.radiopresidenteibanez.cl\/web\/wp-json\/wp\/v2\/tags?post=12877"}],"curies":[{"name":"wp","href":"https:\/\/api.w.org\/{rel}","templated":true}]}}